
{"id":16189,"date":"2012-05-26T00:01:56","date_gmt":"2012-05-26T03:01:56","guid":{"rendered":"http:\/\/www.sudoestehoje.com.br\/novoportal\/?p=16189"},"modified":"2012-05-26T01:10:00","modified_gmt":"2012-05-26T04:10:00","slug":"assassino-de-ex-funcionaria-da-azaleia-pega-44-anos-de-prisao","status":"publish","type":"post","link":"https:\/\/www.sudoestehoje.com.br\/novoportal\/2012\/05\/26\/assassino-de-ex-funcionaria-da-azaleia-pega-44-anos-de-prisao\/","title":{"rendered":"ASSASSINO DE EX-FUNCION\u00c1RIA DA AZAL\u00c9IA PEGA 24 ANOS DE PRIS\u00c3O"},"content":{"rendered":"<p><img decoding=\"async\" class=\"aligncenter\" src=\"http:\/\/www.pimenta.blog.br\/wp-content\/uploads\/Francisco-Paulo-Lins-da-Silva-ouvido-pelo-juiz-www.pimenta.blog_.br_.jpg\" alt=\"\" width=\"400\" \/><\/p>\n<p style=\"text-align: center;\"><em>Francisco foi condenado a 24 anos de pris\u00e3o, em regime fechado<\/em><\/p>\n<p>&nbsp;<\/p>\n<p>ITABUNA: Choros e gritos de \u201cGl\u00f3ria a Deus!\u201d e \u201cDeus \u00e9 Fiel!\u201d \u00a0por parte de familiares e amigos marcaram o final da leitura e publica\u00e7\u00e3o da senten\u00e7a a 24 anos de pris\u00e3o em regime fechado de Francisco Paulo Lins da Silva, 44 anos. O motorista\u00a0\u00a0assassinou a ex-namorada Eliane Oliveira, em 24 de janeiro de 2010, na Rua Tuiuti, no Bairro do Pontalzinho, em Itabuna. Eliane era funcion\u00e1ria da Cal\u00e7ados Azal\u00e9ia, em Itapetinga.<\/p>\n<p>A sess\u00e3o do Tribunal do J\u00fari F\u00f3rum Ruy Barbosa, nesta sexta, 25, foi presidida pelo juiz substituto da Vara do J\u00fari e titular da 2\u00aa Vara Crime, Antonio Carlos Rodrigues de Moraes, que n\u00e3o permitiu ao r\u00e9u recorrer em liberdade. O magistrado tamb\u00e9m n\u00e3o reconheceu circunst\u00e2ncias favor\u00e1veis ao r\u00e9u que, apesar de ser prim\u00e1rio, j\u00e1 respondia a crime de homic\u00eddio qualificado na Comarca de Formosa (GO).<!--more--><\/p>\n<p>Na acusa\u00e7\u00e3o o promotor de Justi\u00e7a, Dario Jos\u00e9 Kist, contou com a assist\u00eancia do criminalista Antonio Rosa dos Santos. Os dois defenderam a aplica\u00e7\u00e3o da pena entre 12 e 30 anos, por homic\u00eddio duplamente qualificado. \u201cO r\u00e9u atirou na cabe\u00e7a da v\u00edtima que estava dormindo, n\u00e3o lhe permitindo defesa e por motivo f\u00fatil, demonstrando sua frieza\u201d, discursou o promotor.<\/p>\n<p>O defensor do r\u00e9u, Valdir Farias Mesquita apresentou a tese de homic\u00eddio simples, com pena variando entre 6 e 12 anos. \u201cA defesa pede que o r\u00e9u seja condenado de acordo com a sua culpabilidade. N\u00e3o pelo que deseja a acusa\u00e7\u00e3o, mas porque, al\u00e9m de confessar o homic\u00eddio, disse ao ser interrogado pela Pol\u00edcia que queria pagar pelo que fez\u201d, disse Mesquita.\u00a0\u00a0No final, disse que, no prazo de cinco dias, apresentar\u00e1 recurso de apela\u00e7\u00e3o.<\/p>\n<p><strong><em>Pimenta<\/em><\/strong><\/p>\n","protected":false},"excerpt":{"rendered":"<p>Francisco foi condenado a 24 anos de pris\u00e3o, em regime fechado &nbsp; ITABUNA: Choros e gritos de \u201cGl\u00f3ria a Deus!\u201d e \u201cDeus \u00e9 Fiel!\u201d \u00a0por parte de familiares e amigos marcaram o final da leitura e publica\u00e7\u00e3o da senten\u00e7a a 24 anos de pris\u00e3o em regime fechado de Francisco Paulo Lins da Silva, 44 anos. [&hellip;]<\/p>\n","protected":false},"author":2,"featured_media":0,"comment_status":"open","ping_status":"open","sticky":false,"template":"","format":"standard","meta":{"footnotes":"","_links_to":"","_links_to_target":""},"categories":[1],"tags":[],"class_list":["post-16189","post","type-post","status-publish","format-standard","hentry","category-geral"],"views":1169,"_links":{"self":[{"href":"https:\/\/www.sudoestehoje.com.br\/novoportal\/wp-json\/wp\/v2\/posts\/16189","targetHints":{"allow":["GET"]}}],"collection":[{"href":"https:\/\/www.sudoestehoje.com.br\/novoportal\/wp-json\/wp\/v2\/posts"}],"about":[{"href":"https:\/\/www.sudoestehoje.com.br\/novoportal\/wp-json\/wp\/v2\/types\/post"}],"author":[{"embeddable":true,"href":"https:\/\/www.sudoestehoje.com.br\/novoportal\/wp-json\/wp\/v2\/users\/2"}],"replies":[{"embeddable":true,"href":"https:\/\/www.sudoestehoje.com.br\/novoportal\/wp-json\/wp\/v2\/comments?post=16189"}],"version-history":[{"count":5,"href":"https:\/\/www.sudoestehoje.com.br\/novoportal\/wp-json\/wp\/v2\/posts\/16189\/revisions"}],"predecessor-version":[{"id":16227,"href":"https:\/\/www.sudoestehoje.com.br\/novoportal\/wp-json\/wp\/v2\/posts\/16189\/revisions\/16227"}],"wp:attachment":[{"href":"https:\/\/www.sudoestehoje.com.br\/novoportal\/wp-json\/wp\/v2\/media?parent=16189"}],"wp:term":[{"taxonomy":"category","embeddable":true,"href":"https:\/\/www.sudoestehoje.com.br\/novoportal\/wp-json\/wp\/v2\/categories?post=16189"},{"taxonomy":"post_tag","embeddable":true,"href":"https:\/\/www.sudoestehoje.com.br\/novoportal\/wp-json\/wp\/v2\/tags?post=16189"}],"curies":[{"name":"wp","href":"https:\/\/api.w.org\/{rel}","templated":true}]}}