
{"id":16154,"date":"2012-05-25T11:37:38","date_gmt":"2012-05-25T14:37:38","guid":{"rendered":"http:\/\/www.sudoestehoje.com.br\/novoportal\/?p=16154"},"modified":"2012-05-25T16:52:31","modified_gmt":"2012-05-25T19:52:31","slug":"governo-do-estado-articula-ze-carlos-na-vice-de-miraldo-mota","status":"publish","type":"post","link":"https:\/\/www.sudoestehoje.com.br\/novoportal\/2012\/05\/25\/governo-do-estado-articula-ze-carlos-na-vice-de-miraldo-mota\/","title":{"rendered":"GOVERNO DO ESTADO ARTICULA Z\u00c9 CARLOS NA VICE DE MIRALDO MOTA"},"content":{"rendered":"<p><img decoding=\"async\" class=\"aligncenter\" src=\"http:\/\/www.blogdaresenhageral.com.br\/v1\/wp-content\/uploads\/PT-X-ZE-CARLOS3.jpg\" alt=\"\" width=\"400\" \/><\/p>\n<p>&nbsp;<\/p>\n<p>ITAPETINGA: Em \u00e9poca de elei\u00e7\u00f5es, rola todo tipo de coment\u00e1rios e informa\u00e7\u00f5es. Algumas, por mais estapaf\u00fardias que pare\u00e7am, podem ser verdadeiras, enquanto outras, tidas como certas, acabam n\u00e3o vingando. Durante esta semana eu recebi uma informa\u00e7\u00e3o, vinda de uma fonte fidedigna, dizendo que no gabinete do governador rolou um papo de petistas de alto escal\u00e3o, que estariam articulando retirar Z\u00e9 Carlos do p\u00e1reo e colocando-o na vice de Miraldo Mota, para que o nosso fracassado alcaide n\u00e3o fique na rua da amargura, quando sair da prefeitura em janeiro, o que j\u00e1 \u00e9 dado como certo.<\/p>\n<p>Assim, o PT passaria a ter chance nas elei\u00e7\u00f5es de prefeito e Z\u00e9 Carlos garantiria os advogados que precisa para se defender dos in\u00fameros processos que responde, fora os que v\u00eam por a\u00ed, sem ter que vender a sua gorda boiada. \u00a0Seria uma esp\u00e9cie de &#8216;sa\u00edda honrosa&#8217;. S\u00f3 que os articuladores dessa jogada se esqueceram de um pequeno e importante detalhe: perguntar a Miraldo Mota se ele aceita Z\u00e9 Carlos como seu vice. \u00a0Ser\u00e1 que aceita?<\/p>\n<p><strong><em>Por Davi Ferraz<\/em><\/strong><\/p>\n","protected":false},"excerpt":{"rendered":"<p>&nbsp; ITAPETINGA: Em \u00e9poca de elei\u00e7\u00f5es, rola todo tipo de coment\u00e1rios e informa\u00e7\u00f5es. Algumas, por mais estapaf\u00fardias que pare\u00e7am, podem ser verdadeiras, enquanto outras, tidas como certas, acabam n\u00e3o vingando. Durante esta semana eu recebi uma informa\u00e7\u00e3o, vinda de uma fonte fidedigna, dizendo que no gabinete do governador rolou um papo de petistas de alto [&hellip;]<\/p>\n","protected":false},"author":2,"featured_media":0,"comment_status":"open","ping_status":"open","sticky":false,"template":"","format":"standard","meta":{"footnotes":"","_links_to":"","_links_to_target":""},"categories":[1],"tags":[],"class_list":["post-16154","post","type-post","status-publish","format-standard","hentry","category-geral"],"views":1300,"_links":{"self":[{"href":"https:\/\/www.sudoestehoje.com.br\/novoportal\/wp-json\/wp\/v2\/posts\/16154","targetHints":{"allow":["GET"]}}],"collection":[{"href":"https:\/\/www.sudoestehoje.com.br\/novoportal\/wp-json\/wp\/v2\/posts"}],"about":[{"href":"https:\/\/www.sudoestehoje.com.br\/novoportal\/wp-json\/wp\/v2\/types\/post"}],"author":[{"embeddable":true,"href":"https:\/\/www.sudoestehoje.com.br\/novoportal\/wp-json\/wp\/v2\/users\/2"}],"replies":[{"embeddable":true,"href":"https:\/\/www.sudoestehoje.com.br\/novoportal\/wp-json\/wp\/v2\/comments?post=16154"}],"version-history":[{"count":5,"href":"https:\/\/www.sudoestehoje.com.br\/novoportal\/wp-json\/wp\/v2\/posts\/16154\/revisions"}],"predecessor-version":[{"id":16158,"href":"https:\/\/www.sudoestehoje.com.br\/novoportal\/wp-json\/wp\/v2\/posts\/16154\/revisions\/16158"}],"wp:attachment":[{"href":"https:\/\/www.sudoestehoje.com.br\/novoportal\/wp-json\/wp\/v2\/media?parent=16154"}],"wp:term":[{"taxonomy":"category","embeddable":true,"href":"https:\/\/www.sudoestehoje.com.br\/novoportal\/wp-json\/wp\/v2\/categories?post=16154"},{"taxonomy":"post_tag","embeddable":true,"href":"https:\/\/www.sudoestehoje.com.br\/novoportal\/wp-json\/wp\/v2\/tags?post=16154"}],"curies":[{"name":"wp","href":"https:\/\/api.w.org\/{rel}","templated":true}]}}