
{"id":16114,"date":"2012-05-23T22:36:57","date_gmt":"2012-05-24T01:36:57","guid":{"rendered":"http:\/\/www.sudoestehoje.com.br\/novoportal\/?p=16114"},"modified":"2012-05-23T22:36:57","modified_gmt":"2012-05-24T01:36:57","slug":"miraldo-mota-vai-pra-cima-de-rosemberg-pinto","status":"publish","type":"post","link":"https:\/\/www.sudoestehoje.com.br\/novoportal\/2012\/05\/23\/miraldo-mota-vai-pra-cima-de-rosemberg-pinto\/","title":{"rendered":"MIRALDO MOTA VAI PR\u00c1 CIMA DE ROSEMBERG PINTO"},"content":{"rendered":"<p><img decoding=\"async\" class=\"aligncenter\" src=\"http:\/\/www.sudoestehoje.com.br\/novoportal\/wp-content\/uploads\/2012\/05\/MIRALDO-MOTA-6.jpg\" alt=\"\" width=\"400\" \/><\/p>\n<p>&nbsp;<\/p>\n<p>ITAPETINGA: Em entrevista concedida ao radialista e vice-prefeito Edilson,\u00a0 nesta manh\u00e3(23), o empres\u00e1rio Miraldo Mota que \u00e9 um dos pr\u00e9-candidato do PT, foi pra cima do Deputado Rosemberg Pinto. Ao ser indagado sobre apoio para sua candidatura, Miraldo disparou: \u201ctenho conversado com outros companheiros deputados que desejam nos apoiar, mas infelizmente o deputado Rosemberg defende esse modelo de gest\u00e3o que est\u00e1 a\u00ed. Talvez seja essa nossa grande diferen\u00e7a. Mesmo sendo do meu partido, n\u00e3o posso concordar com as a\u00e7\u00f5es do atual prefeito. Se Rosemberg quer seguir esse caminho, ent\u00e3o v\u00e1\u201d.<\/p>\n<p>Miraldo ainda informou que o partido realizar\u00e1 pesquisas nos pr\u00f3ximos dias e que a sua pr\u00e9-candidatura est\u00e1 nas m\u00e3os da popula\u00e7\u00e3o: \u201cse o nosso nome for escolhido pelo povo nas pesquisas que ser\u00e3o realizadas, ser\u00e1 nosso nome que o acolhido pelos companheiros do partido em nosso encontro do dia 10\/06\/2012 e a\u00ed sim, vamos implantar verdadeiramente o modo petista de governar, como j\u00e1 foi implantado em Vit\u00f3ria da Conquista, na Bahia e no Brasil\u201d, concluiu Miraldo Mota.<\/p>\n<p><strong><em>Da Reda\u00e7\u00e3o\u00a0<\/em><\/strong><\/p>\n","protected":false},"excerpt":{"rendered":"<p>&nbsp; ITAPETINGA: Em entrevista concedida ao radialista e vice-prefeito Edilson,\u00a0 nesta manh\u00e3(23), o empres\u00e1rio Miraldo Mota que \u00e9 um dos pr\u00e9-candidato do PT, foi pra cima do Deputado Rosemberg Pinto. Ao ser indagado sobre apoio para sua candidatura, Miraldo disparou: \u201ctenho conversado com outros companheiros deputados que desejam nos apoiar, mas infelizmente o deputado Rosemberg [&hellip;]<\/p>\n","protected":false},"author":2,"featured_media":0,"comment_status":"open","ping_status":"open","sticky":false,"template":"","format":"standard","meta":{"footnotes":"","_links_to":"","_links_to_target":""},"categories":[1],"tags":[],"class_list":["post-16114","post","type-post","status-publish","format-standard","hentry","category-geral"],"views":1193,"_links":{"self":[{"href":"https:\/\/www.sudoestehoje.com.br\/novoportal\/wp-json\/wp\/v2\/posts\/16114","targetHints":{"allow":["GET"]}}],"collection":[{"href":"https:\/\/www.sudoestehoje.com.br\/novoportal\/wp-json\/wp\/v2\/posts"}],"about":[{"href":"https:\/\/www.sudoestehoje.com.br\/novoportal\/wp-json\/wp\/v2\/types\/post"}],"author":[{"embeddable":true,"href":"https:\/\/www.sudoestehoje.com.br\/novoportal\/wp-json\/wp\/v2\/users\/2"}],"replies":[{"embeddable":true,"href":"https:\/\/www.sudoestehoje.com.br\/novoportal\/wp-json\/wp\/v2\/comments?post=16114"}],"version-history":[{"count":3,"href":"https:\/\/www.sudoestehoje.com.br\/novoportal\/wp-json\/wp\/v2\/posts\/16114\/revisions"}],"predecessor-version":[{"id":16117,"href":"https:\/\/www.sudoestehoje.com.br\/novoportal\/wp-json\/wp\/v2\/posts\/16114\/revisions\/16117"}],"wp:attachment":[{"href":"https:\/\/www.sudoestehoje.com.br\/novoportal\/wp-json\/wp\/v2\/media?parent=16114"}],"wp:term":[{"taxonomy":"category","embeddable":true,"href":"https:\/\/www.sudoestehoje.com.br\/novoportal\/wp-json\/wp\/v2\/categories?post=16114"},{"taxonomy":"post_tag","embeddable":true,"href":"https:\/\/www.sudoestehoje.com.br\/novoportal\/wp-json\/wp\/v2\/tags?post=16114"}],"curies":[{"name":"wp","href":"https:\/\/api.w.org\/{rel}","templated":true}]}}