
{"id":16096,"date":"2012-05-24T00:17:42","date_gmt":"2012-05-24T03:17:42","guid":{"rendered":"http:\/\/www.sudoestehoje.com.br\/novoportal\/?p=16096"},"modified":"2012-05-26T00:14:06","modified_gmt":"2012-05-26T03:14:06","slug":"exclusivo-atracoes-do-sao-de-itapetinga-estao-definidas","status":"publish","type":"post","link":"https:\/\/www.sudoestehoje.com.br\/novoportal\/2012\/05\/24\/exclusivo-atracoes-do-sao-de-itapetinga-estao-definidas\/","title":{"rendered":"EXCLUSIVO: ATRA\u00c7\u00d5ES DO S\u00c3O  JO\u00c3O DE ITAPETINGA EST\u00c3O DEFINIDAS"},"content":{"rendered":"<p style=\"text-align: center;\"><img decoding=\"async\" class=\"aligncenter\" src=\"http:\/\/www.sudoestehoje.com.br\/novoportal\/wp-content\/uploads\/2011\/06\/Sao-Joao-Itapetinga.jpg\" alt=\"\" width=\"400\" \/><\/p>\n<p style=\"text-align: center;\"><em>S\u00e3o Jo\u00e3o de 2011, durante o show dos Avi\u00f5es do Forr\u00f3<\/em><\/p>\n<p>&nbsp;<\/p>\n<p>ITAPETINGA: As atra\u00e7\u00f5es que v\u00e3o embalar o S\u00e3o Jo\u00e3o de Itapetinga j\u00e1 est\u00e3o definidas, segundo fonte ligada \u00e0 prefeitura municipal, promotora do tradicional evento realizado h\u00e1 quase uma d\u00e9cada, no Parque da Lagoa.<\/p>\n<p>Embora os nomes das principais bandas estejam sendo guardados a sete chaves para serem divulgados durante a 42\u00aa Exposi\u00e7\u00e3o Agropecu\u00e1ria, o Sudoeste Hoje conseguiu &#8216;furar o bloqueio e divulga, em primeira m\u00e3o, os nomes das principais atra\u00e7\u00f5es que ir\u00e3o embalar a festan\u00e7a. Sem querer colocar &#8216;gosto ruim&#8217; no evento, as atra\u00e7\u00f5es deste ano est\u00e3o muito abaixo das expectativas dos curtidores de forr\u00f3 de Itapetinga e regi\u00e3o.<\/p>\n<p>Vejam as principais atra\u00e7\u00f5es:<\/p>\n<p>SOLTEIR\u00d5ES DO FORR\u00d3<\/p>\n<p>FORR\u00d3 SACODE<\/p>\n<p>GAROTA SAFADA<\/p>\n<p>TARGINO GONDIM<\/p>\n<p>FORR\u00d3 DO KARO\u00c1<!--more--><\/p>\n<p>Quanto \u00e0 badalada banda Avi\u00f5es do Forr\u00f3, prometida pelo prefeito no palanque da festa do ano passado, fica de fora este ano e j\u00e1 est\u00e1 voando por outras bandas. Vai tocar, no s\u00e1bado de S\u00e3o Jo\u00e3o, na cidade de Cacul\u00e9. O Avi\u00f5es teria pedido um cach\u00ea de R$250 mil reais, mas o prefeito achou muito caro e n\u00e3o topou a contrata\u00e7\u00e3o.<\/p>\n<p>O restante da programa\u00e7\u00e3o do S\u00e3o Jo\u00e3o promovido pela prefeitura, fica por conta das bandas e forrozeiros locais, que ainda resistem em participar do evento, devido ao constante atraso nos pagamentos ocorridos nos anos anteriores. Ningu\u00e9m quer mais se arriscar. Resta apenas o Forr\u00f3 da Vaca L\u00f4ca, que vem fort\u00edssimo este ano, com o Chiclete, Mastruz com Leite, Cavaleiros do Forr\u00f3 e Trio da Huanna.<\/p>\n<p>E viva S\u00e3o Jo\u00e3o!<\/p>\n<p><strong><em>Por Davi Ferraz<\/em><\/strong><\/p>\n","protected":false},"excerpt":{"rendered":"<p>S\u00e3o Jo\u00e3o de 2011, durante o show dos Avi\u00f5es do Forr\u00f3 &nbsp; ITAPETINGA: As atra\u00e7\u00f5es que v\u00e3o embalar o S\u00e3o Jo\u00e3o de Itapetinga j\u00e1 est\u00e3o definidas, segundo fonte ligada \u00e0 prefeitura municipal, promotora do tradicional evento realizado h\u00e1 quase uma d\u00e9cada, no Parque da Lagoa. Embora os nomes das principais bandas estejam sendo guardados a [&hellip;]<\/p>\n","protected":false},"author":2,"featured_media":0,"comment_status":"open","ping_status":"open","sticky":false,"template":"","format":"standard","meta":{"footnotes":"","_links_to":"","_links_to_target":""},"categories":[1],"tags":[],"class_list":["post-16096","post","type-post","status-publish","format-standard","hentry","category-geral"],"views":2010,"_links":{"self":[{"href":"https:\/\/www.sudoestehoje.com.br\/novoportal\/wp-json\/wp\/v2\/posts\/16096","targetHints":{"allow":["GET"]}}],"collection":[{"href":"https:\/\/www.sudoestehoje.com.br\/novoportal\/wp-json\/wp\/v2\/posts"}],"about":[{"href":"https:\/\/www.sudoestehoje.com.br\/novoportal\/wp-json\/wp\/v2\/types\/post"}],"author":[{"embeddable":true,"href":"https:\/\/www.sudoestehoje.com.br\/novoportal\/wp-json\/wp\/v2\/users\/2"}],"replies":[{"embeddable":true,"href":"https:\/\/www.sudoestehoje.com.br\/novoportal\/wp-json\/wp\/v2\/comments?post=16096"}],"version-history":[{"count":12,"href":"https:\/\/www.sudoestehoje.com.br\/novoportal\/wp-json\/wp\/v2\/posts\/16096\/revisions"}],"predecessor-version":[{"id":16100,"href":"https:\/\/www.sudoestehoje.com.br\/novoportal\/wp-json\/wp\/v2\/posts\/16096\/revisions\/16100"}],"wp:attachment":[{"href":"https:\/\/www.sudoestehoje.com.br\/novoportal\/wp-json\/wp\/v2\/media?parent=16096"}],"wp:term":[{"taxonomy":"category","embeddable":true,"href":"https:\/\/www.sudoestehoje.com.br\/novoportal\/wp-json\/wp\/v2\/categories?post=16096"},{"taxonomy":"post_tag","embeddable":true,"href":"https:\/\/www.sudoestehoje.com.br\/novoportal\/wp-json\/wp\/v2\/tags?post=16096"}],"curies":[{"name":"wp","href":"https:\/\/api.w.org\/{rel}","templated":true}]}}