
{"id":16083,"date":"2012-05-23T18:06:00","date_gmt":"2012-05-23T21:06:00","guid":{"rendered":"http:\/\/www.sudoestehoje.com.br\/novoportal\/?p=16083"},"modified":"2012-05-23T20:31:35","modified_gmt":"2012-05-23T23:31:35","slug":"greve-sem-onibus-para-o-interior-agerba-libera-clandestinos","status":"publish","type":"post","link":"https:\/\/www.sudoestehoje.com.br\/novoportal\/2012\/05\/23\/greve-sem-onibus-para-o-interior-agerba-libera-clandestinos\/","title":{"rendered":"GREVE: SEM \u00d4NIBUS PARA O INTERIOR, AGERBA LIBERA CLANDESTINOS"},"content":{"rendered":"<p><img decoding=\"async\" class=\"aligncenter\" src=\"http:\/\/onibusbrasil.com\/i\/2012\/3\/19\/p\/145ecb61fb08c7156c608ea9f936708c.jpg\" alt=\"\" width=\"500\" \/><\/p>\n<p style=\"text-align: center;\"><em>\u00c1guia Branca suspendeu temporariamente as viagens de Itapetinga para Salvador<\/em><\/p>\n<p>&nbsp;<\/p>\n<p>SALVADOR: Os \u00f4nibus que fazem linha para as cidades do interior da Bahia com origem na Rodovi\u00e1ria de Salvador foram impedidos de partir nesta quarta-feira em raz\u00e3o da greve dos rodovi\u00e1rios. Segundo informa\u00e7\u00f5es da \u00a0Agerba, os rodovi\u00e1rios que fazem as linhas intermunicipais tamb\u00e9m aderiram ao movimento.<\/p>\n<p>Por conta da greve, a Agerba decidiu suspender as equipes que fiscalizam o transporte clandestino na BA-093, BA-099 e BR-324. \u201cA decis\u00e3o veio de cima. \u00c9 uma situa\u00e7\u00e3o chata para n\u00f3s, pois como \u00e9 que vamos apreender ve\u00edculos com pessoas dentro, se n\u00e3o temos vias alternativas de transportes para esses passageiros.<\/p>\n<p>Os 540 hor\u00e1rios oficiais de \u00f4nibus que saem do terminal rodovi\u00e1rio de Salvador foram suspensos. Os guich\u00eas das empresas que operam pelo terminal tamb\u00e9m suspenderam a venda das passagens, inclusive as antecipadas, por tempo indeterminado.<\/p>\n<p><strong><em>Correio<\/em><\/strong><\/p>\n","protected":false},"excerpt":{"rendered":"<p>\u00c1guia Branca suspendeu temporariamente as viagens de Itapetinga para Salvador &nbsp; SALVADOR: Os \u00f4nibus que fazem linha para as cidades do interior da Bahia com origem na Rodovi\u00e1ria de Salvador foram impedidos de partir nesta quarta-feira em raz\u00e3o da greve dos rodovi\u00e1rios. Segundo informa\u00e7\u00f5es da \u00a0Agerba, os rodovi\u00e1rios que fazem as linhas intermunicipais tamb\u00e9m aderiram [&hellip;]<\/p>\n","protected":false},"author":2,"featured_media":0,"comment_status":"open","ping_status":"open","sticky":false,"template":"","format":"standard","meta":{"footnotes":"","_links_to":"","_links_to_target":""},"categories":[1],"tags":[],"class_list":["post-16083","post","type-post","status-publish","format-standard","hentry","category-geral"],"views":1129,"_links":{"self":[{"href":"https:\/\/www.sudoestehoje.com.br\/novoportal\/wp-json\/wp\/v2\/posts\/16083","targetHints":{"allow":["GET"]}}],"collection":[{"href":"https:\/\/www.sudoestehoje.com.br\/novoportal\/wp-json\/wp\/v2\/posts"}],"about":[{"href":"https:\/\/www.sudoestehoje.com.br\/novoportal\/wp-json\/wp\/v2\/types\/post"}],"author":[{"embeddable":true,"href":"https:\/\/www.sudoestehoje.com.br\/novoportal\/wp-json\/wp\/v2\/users\/2"}],"replies":[{"embeddable":true,"href":"https:\/\/www.sudoestehoje.com.br\/novoportal\/wp-json\/wp\/v2\/comments?post=16083"}],"version-history":[{"count":5,"href":"https:\/\/www.sudoestehoje.com.br\/novoportal\/wp-json\/wp\/v2\/posts\/16083\/revisions"}],"predecessor-version":[{"id":16086,"href":"https:\/\/www.sudoestehoje.com.br\/novoportal\/wp-json\/wp\/v2\/posts\/16083\/revisions\/16086"}],"wp:attachment":[{"href":"https:\/\/www.sudoestehoje.com.br\/novoportal\/wp-json\/wp\/v2\/media?parent=16083"}],"wp:term":[{"taxonomy":"category","embeddable":true,"href":"https:\/\/www.sudoestehoje.com.br\/novoportal\/wp-json\/wp\/v2\/categories?post=16083"},{"taxonomy":"post_tag","embeddable":true,"href":"https:\/\/www.sudoestehoje.com.br\/novoportal\/wp-json\/wp\/v2\/tags?post=16083"}],"curies":[{"name":"wp","href":"https:\/\/api.w.org\/{rel}","templated":true}]}}