
{"id":16079,"date":"2012-05-23T12:17:29","date_gmt":"2012-05-23T15:17:29","guid":{"rendered":"http:\/\/www.sudoestehoje.com.br\/novoportal\/?p=16079"},"modified":"2012-05-23T12:17:29","modified_gmt":"2012-05-23T15:17:29","slug":"itarantim-ricardo-vai-reunir-grupo-para-definir-apoio","status":"publish","type":"post","link":"https:\/\/www.sudoestehoje.com.br\/novoportal\/2012\/05\/23\/itarantim-ricardo-vai-reunir-grupo-para-definir-apoio\/","title":{"rendered":"ITARANTIM: RICARDO VAI REUNIR GRUPO PARA DEFINIR APOIO"},"content":{"rendered":"<p><img decoding=\"async\" class=\"aligncenter\" src=\"http:\/\/www.politicosdosuldabahia.com.br\/v1\/wp-content\/uploads\/2012\/05\/ricardo.jpg\" alt=\"\" \/><\/p>\n<p>&nbsp;<\/p>\n<p>ITARANTIM: Nesta ter\u00e7a-feira este blogueiro manteve contato com o ex-prefeito de Itarantim, Ricardo Souto (PHS), o mesmo demonstrou que est\u00e1 \u201cchateado\u201d com a postura do pr\u00e9-candidato a prefeito Paulo Fernandes (PSB).<\/p>\n<p>\u201cPaulo me procurou e pediu para eu indicar o vice na sua chapa, eu pedi um tempo para consultar o meu grupo e indicar algumas pessoas para ele definir. Mas ele fechou com o PT e definiu que seu vice ser\u00e1 Kl\u00e9ber. Foi uma situa\u00e7\u00e3o lament\u00e1vel\u201d, desabafou Ricardo.<\/p>\n<p>Ricardo declarou que no pr\u00f3ximo s\u00e1bado vai se reunir com o seu grupo pol\u00edtico para decidir o futuro. Poder\u00e1 lan\u00e7ar um candidato ou apoiar um dos candidatos, sendo que a decis\u00e3o ser\u00e1 do grupo. Informa\u00e7\u00f5es do Pol\u00edticos do Sul da Bahia<\/p>\n","protected":false},"excerpt":{"rendered":"<p>&nbsp; ITARANTIM: Nesta ter\u00e7a-feira este blogueiro manteve contato com o ex-prefeito de Itarantim, Ricardo Souto (PHS), o mesmo demonstrou que est\u00e1 \u201cchateado\u201d com a postura do pr\u00e9-candidato a prefeito Paulo Fernandes (PSB). \u201cPaulo me procurou e pediu para eu indicar o vice na sua chapa, eu pedi um tempo para consultar o meu grupo e [&hellip;]<\/p>\n","protected":false},"author":2,"featured_media":0,"comment_status":"open","ping_status":"open","sticky":false,"template":"","format":"standard","meta":{"footnotes":"","_links_to":"","_links_to_target":""},"categories":[1],"tags":[],"class_list":["post-16079","post","type-post","status-publish","format-standard","hentry","category-geral"],"views":1233,"_links":{"self":[{"href":"https:\/\/www.sudoestehoje.com.br\/novoportal\/wp-json\/wp\/v2\/posts\/16079","targetHints":{"allow":["GET"]}}],"collection":[{"href":"https:\/\/www.sudoestehoje.com.br\/novoportal\/wp-json\/wp\/v2\/posts"}],"about":[{"href":"https:\/\/www.sudoestehoje.com.br\/novoportal\/wp-json\/wp\/v2\/types\/post"}],"author":[{"embeddable":true,"href":"https:\/\/www.sudoestehoje.com.br\/novoportal\/wp-json\/wp\/v2\/users\/2"}],"replies":[{"embeddable":true,"href":"https:\/\/www.sudoestehoje.com.br\/novoportal\/wp-json\/wp\/v2\/comments?post=16079"}],"version-history":[{"count":3,"href":"https:\/\/www.sudoestehoje.com.br\/novoportal\/wp-json\/wp\/v2\/posts\/16079\/revisions"}],"predecessor-version":[{"id":16082,"href":"https:\/\/www.sudoestehoje.com.br\/novoportal\/wp-json\/wp\/v2\/posts\/16079\/revisions\/16082"}],"wp:attachment":[{"href":"https:\/\/www.sudoestehoje.com.br\/novoportal\/wp-json\/wp\/v2\/media?parent=16079"}],"wp:term":[{"taxonomy":"category","embeddable":true,"href":"https:\/\/www.sudoestehoje.com.br\/novoportal\/wp-json\/wp\/v2\/categories?post=16079"},{"taxonomy":"post_tag","embeddable":true,"href":"https:\/\/www.sudoestehoje.com.br\/novoportal\/wp-json\/wp\/v2\/tags?post=16079"}],"curies":[{"name":"wp","href":"https:\/\/api.w.org\/{rel}","templated":true}]}}