
{"id":16063,"date":"2012-05-23T20:32:35","date_gmt":"2012-05-23T23:32:35","guid":{"rendered":"http:\/\/www.sudoestehoje.com.br\/novoportal\/?p=16063"},"modified":"2012-05-24T13:48:03","modified_gmt":"2012-05-24T16:48:03","slug":"novidade-medico-luiz-eduardo-e-pre-candidato-a-vereador-pelo-dem","status":"publish","type":"post","link":"https:\/\/www.sudoestehoje.com.br\/novoportal\/2012\/05\/23\/novidade-medico-luiz-eduardo-e-pre-candidato-a-vereador-pelo-dem\/","title":{"rendered":"NOVIDADE! M\u00c9DICO LUIZ EDUARDO \u00c9 PR\u00c9-CANDIDATO A VEREADOR PELO DEM"},"content":{"rendered":"<p style=\"text-align: center;\"><img decoding=\"async\" class=\"aligncenter\" src=\"http:\/\/www.hnnet.com.br\/dimensao\/expo2004\/fotos\/f_dra_adriana.jpg\" alt=\"\" width=\"400\" \/><\/p>\n<p style=\"text-align: center;\"><em>Dr. Luiz Eduardo ao lado da sua esposa e filhos<\/em><\/p>\n<p>&nbsp;<\/p>\n<p>ITAPETINGA: Atrav\u00e9s de e-mail encaminhado \u00e0 nossa reda\u00e7\u00e3o, o m\u00e9dico Luiz Eduardo Brand\u00e3o Cruz informou que pretende disputar uma vaga no legislativo municipal, pelo Democratas, no pleito de outubro deste ano. \u00a0Dr.\u00a0Luiz Eduardo Cruz \u00e9 m\u00e9dico cirurgi\u00e3o e ultra-sonografista, formado pela Escola Baiana de Medicina em 1995. \u00c9 casado com Dra. Adriana Cruz, pais de 02 filhos e filho dos conceituados m\u00e9dicos Dr. Gilson Cruz e Dra. Marlene Cruz.<\/p>\n<p>Atualmente trabalha na clinica de sua fam\u00edlia (Ginoclin), \u00e9 \u00a0funcion\u00e1rio concursado da Prefeitura de Itapetinga h\u00e1 aproximadamente 07 anos, trabalha no SAMU 192 de Itapetinga h\u00e1 aproximadamente 06 meses e no SAMU 192 de Salvador, desde o come\u00e7o desse m\u00eas.<\/p>\n<p>Com tanta escassez de bons candidatos, Dr. Luiz Eduardo \u00e9 uma grata surpresa e pode contribuir para melhorar o n\u00edvel da nossa sofr\u00edvel C\u00e2mara de Vereadores.<\/p>\n<p><strong><em>Da Reda\u00e7\u00e3o<\/em><\/strong><\/p>\n<p>&nbsp;<\/p>\n<p>&nbsp;<\/p>\n","protected":false},"excerpt":{"rendered":"<p>Dr. Luiz Eduardo ao lado da sua esposa e filhos &nbsp; ITAPETINGA: Atrav\u00e9s de e-mail encaminhado \u00e0 nossa reda\u00e7\u00e3o, o m\u00e9dico Luiz Eduardo Brand\u00e3o Cruz informou que pretende disputar uma vaga no legislativo municipal, pelo Democratas, no pleito de outubro deste ano. \u00a0Dr.\u00a0Luiz Eduardo Cruz \u00e9 m\u00e9dico cirurgi\u00e3o e ultra-sonografista, formado pela Escola Baiana de [&hellip;]<\/p>\n","protected":false},"author":2,"featured_media":0,"comment_status":"open","ping_status":"open","sticky":false,"template":"","format":"standard","meta":{"footnotes":"","_links_to":"","_links_to_target":""},"categories":[1],"tags":[],"class_list":["post-16063","post","type-post","status-publish","format-standard","hentry","category-geral"],"views":1553,"_links":{"self":[{"href":"https:\/\/www.sudoestehoje.com.br\/novoportal\/wp-json\/wp\/v2\/posts\/16063","targetHints":{"allow":["GET"]}}],"collection":[{"href":"https:\/\/www.sudoestehoje.com.br\/novoportal\/wp-json\/wp\/v2\/posts"}],"about":[{"href":"https:\/\/www.sudoestehoje.com.br\/novoportal\/wp-json\/wp\/v2\/types\/post"}],"author":[{"embeddable":true,"href":"https:\/\/www.sudoestehoje.com.br\/novoportal\/wp-json\/wp\/v2\/users\/2"}],"replies":[{"embeddable":true,"href":"https:\/\/www.sudoestehoje.com.br\/novoportal\/wp-json\/wp\/v2\/comments?post=16063"}],"version-history":[{"count":4,"href":"https:\/\/www.sudoestehoje.com.br\/novoportal\/wp-json\/wp\/v2\/posts\/16063\/revisions"}],"predecessor-version":[{"id":16067,"href":"https:\/\/www.sudoestehoje.com.br\/novoportal\/wp-json\/wp\/v2\/posts\/16063\/revisions\/16067"}],"wp:attachment":[{"href":"https:\/\/www.sudoestehoje.com.br\/novoportal\/wp-json\/wp\/v2\/media?parent=16063"}],"wp:term":[{"taxonomy":"category","embeddable":true,"href":"https:\/\/www.sudoestehoje.com.br\/novoportal\/wp-json\/wp\/v2\/categories?post=16063"},{"taxonomy":"post_tag","embeddable":true,"href":"https:\/\/www.sudoestehoje.com.br\/novoportal\/wp-json\/wp\/v2\/tags?post=16063"}],"curies":[{"name":"wp","href":"https:\/\/api.w.org\/{rel}","templated":true}]}}