
{"id":16053,"date":"2012-05-22T11:17:31","date_gmt":"2012-05-22T14:17:31","guid":{"rendered":"http:\/\/www.sudoestehoje.com.br\/novoportal\/?p=16053"},"modified":"2012-05-22T12:01:42","modified_gmt":"2012-05-22T15:01:42","slug":"imbassahy-e-internado-para-desobstrucao-cardiovascular","status":"publish","type":"post","link":"https:\/\/www.sudoestehoje.com.br\/novoportal\/2012\/05\/22\/imbassahy-e-internado-para-desobstrucao-cardiovascular\/","title":{"rendered":"IMBASSAHY \u00c9 INTERNADO PARA DESOBSTRU\u00c7\u00c3O NA CORON\u00c1RIA"},"content":{"rendered":"<p><img decoding=\"async\" class=\"aligncenter\" src=\"http:\/\/www.bahiatodahora.com\/wp-content\/uploads\/2011\/02\/Imbassahy_Gilberto_Nascimento.jpg\" alt=\"\" width=\"400\" \/><\/p>\n<p>&nbsp;<\/p>\n<p>O deputado federal Antonio Imbassahy (PSDB) foi internado no Hospital S\u00edrio Liban\u00eas, em S\u00e3o Paulo, para a realiza\u00e7\u00e3o de um procedimento de desobstru\u00e7\u00e3o no sistema cardiovascular, nesta ter\u00e7a-feira (22). Segundo informa\u00e7\u00f5es da assessoria de imprensa do tucano, o problema foi identificado durante a realiza\u00e7\u00e3o de exames de rotina. Sob os cuidados do m\u00e9dico-cardiologista Roberto Kalil Filho, o parlamentar se submeter\u00e1 a um procedimento de corre\u00e7\u00e3o. Ainda n\u00e3o h\u00e1 previs\u00e3o de alta m\u00e9dica, mas a expectativa \u00e9 a de que Imbassahy retome as suas atividades em breve.<\/p>\n","protected":false},"excerpt":{"rendered":"<p>&nbsp; O deputado federal Antonio Imbassahy (PSDB) foi internado no Hospital S\u00edrio Liban\u00eas, em S\u00e3o Paulo, para a realiza\u00e7\u00e3o de um procedimento de desobstru\u00e7\u00e3o no sistema cardiovascular, nesta ter\u00e7a-feira (22). Segundo informa\u00e7\u00f5es da assessoria de imprensa do tucano, o problema foi identificado durante a realiza\u00e7\u00e3o de exames de rotina. Sob os cuidados do m\u00e9dico-cardiologista Roberto [&hellip;]<\/p>\n","protected":false},"author":2,"featured_media":0,"comment_status":"open","ping_status":"open","sticky":false,"template":"","format":"standard","meta":{"footnotes":"","_links_to":"","_links_to_target":""},"categories":[1],"tags":[],"class_list":["post-16053","post","type-post","status-publish","format-standard","hentry","category-geral"],"views":1256,"_links":{"self":[{"href":"https:\/\/www.sudoestehoje.com.br\/novoportal\/wp-json\/wp\/v2\/posts\/16053","targetHints":{"allow":["GET"]}}],"collection":[{"href":"https:\/\/www.sudoestehoje.com.br\/novoportal\/wp-json\/wp\/v2\/posts"}],"about":[{"href":"https:\/\/www.sudoestehoje.com.br\/novoportal\/wp-json\/wp\/v2\/types\/post"}],"author":[{"embeddable":true,"href":"https:\/\/www.sudoestehoje.com.br\/novoportal\/wp-json\/wp\/v2\/users\/2"}],"replies":[{"embeddable":true,"href":"https:\/\/www.sudoestehoje.com.br\/novoportal\/wp-json\/wp\/v2\/comments?post=16053"}],"version-history":[{"count":4,"href":"https:\/\/www.sudoestehoje.com.br\/novoportal\/wp-json\/wp\/v2\/posts\/16053\/revisions"}],"predecessor-version":[{"id":16057,"href":"https:\/\/www.sudoestehoje.com.br\/novoportal\/wp-json\/wp\/v2\/posts\/16053\/revisions\/16057"}],"wp:attachment":[{"href":"https:\/\/www.sudoestehoje.com.br\/novoportal\/wp-json\/wp\/v2\/media?parent=16053"}],"wp:term":[{"taxonomy":"category","embeddable":true,"href":"https:\/\/www.sudoestehoje.com.br\/novoportal\/wp-json\/wp\/v2\/categories?post=16053"},{"taxonomy":"post_tag","embeddable":true,"href":"https:\/\/www.sudoestehoje.com.br\/novoportal\/wp-json\/wp\/v2\/tags?post=16053"}],"curies":[{"name":"wp","href":"https:\/\/api.w.org\/{rel}","templated":true}]}}