
{"id":16050,"date":"2012-05-22T09:48:49","date_gmt":"2012-05-22T12:48:49","guid":{"rendered":"http:\/\/www.sudoestehoje.com.br\/novoportal\/?p=16050"},"modified":"2012-05-22T09:48:49","modified_gmt":"2012-05-22T12:48:49","slug":"governador-mantem-corte-de-ponto-dos-professores-em-greve","status":"publish","type":"post","link":"https:\/\/www.sudoestehoje.com.br\/novoportal\/2012\/05\/22\/governador-mantem-corte-de-ponto-dos-professores-em-greve\/","title":{"rendered":"GOVERNADOR MANT\u00c9M CORTE DE PONTO DOS PROFESSORES EM GREVE"},"content":{"rendered":"<p><img decoding=\"async\" class=\"aligncenter\" src=\"http:\/\/www.blogdaresenhageral.com.br\/v1\/wp-content\/uploads\/Jaques20Wagner20pede20retorno20de20professores20C3A0s20salas20de20aula20da20Bahia.jpg\" alt=\"\" width=\"400\" \/><\/p>\n<p style=\"text-align: center;\"><em>O ex-sindicalista Wagner tem sido impiedoso com os docentes em greve<\/em><\/p>\n<p>&nbsp;<\/p>\n<p>O impasse entre o governo estadual e os prefessores \u2013 em greve h\u00e1 41 dias \u2013 deve perdurar. Nesta segunda-feira (21), o governador Jaques Wagner assegurou que vai manter o corte de ponto dos docentes grevistas. \u201cAt\u00e9 como ex-sindicalista que fui, entendo que sal\u00e1rio \u00e9 contrapresta\u00e7\u00e3o de servi\u00e7o. Se n\u00e3o houve o servi\u00e7o, n\u00e3o entendo por que algu\u00e9m acha que tem de receber sal\u00e1rio\u201d, disse o governador.<\/p>\n<p>De acordo com Wagner, o governo sempre esteve aberto para di\u00e1logo, contudo, somente volta a renegociar caso a categoria descruze os bra\u00e7os e volte a trabalhar nas salas de aula.\u00a0Cerca de 85% dos 37 mil professores aderiram ao movimento, conforme informa\u00e7\u00f5es do Sindicato dos Trabalhadores em Educa\u00e7\u00e3o da Bahia (APLB).<\/p>\n<p>O governo afirma que 630 escolas em 230 munic\u00edpios est\u00e3o funcionando normalmente. A rede p\u00fablica estadual atende 1,1 milh\u00e3o de estudantes matriculados em 1.422 escolas, em 417 cidades.\u00a0Conforme diretores da APLB, nesta ter\u00e7a-feira (22), haver\u00e1 uma nova assembleia da classe.<\/p>\n<p><strong><em>A Tarde<\/em><\/strong><\/p>\n","protected":false},"excerpt":{"rendered":"<p>O ex-sindicalista Wagner tem sido impiedoso com os docentes em greve &nbsp; O impasse entre o governo estadual e os prefessores \u2013 em greve h\u00e1 41 dias \u2013 deve perdurar. Nesta segunda-feira (21), o governador Jaques Wagner assegurou que vai manter o corte de ponto dos docentes grevistas. \u201cAt\u00e9 como ex-sindicalista que fui, entendo que [&hellip;]<\/p>\n","protected":false},"author":2,"featured_media":0,"comment_status":"open","ping_status":"open","sticky":false,"template":"","format":"standard","meta":{"footnotes":"","_links_to":"","_links_to_target":""},"categories":[1],"tags":[],"class_list":["post-16050","post","type-post","status-publish","format-standard","hentry","category-geral"],"views":1191,"_links":{"self":[{"href":"https:\/\/www.sudoestehoje.com.br\/novoportal\/wp-json\/wp\/v2\/posts\/16050","targetHints":{"allow":["GET"]}}],"collection":[{"href":"https:\/\/www.sudoestehoje.com.br\/novoportal\/wp-json\/wp\/v2\/posts"}],"about":[{"href":"https:\/\/www.sudoestehoje.com.br\/novoportal\/wp-json\/wp\/v2\/types\/post"}],"author":[{"embeddable":true,"href":"https:\/\/www.sudoestehoje.com.br\/novoportal\/wp-json\/wp\/v2\/users\/2"}],"replies":[{"embeddable":true,"href":"https:\/\/www.sudoestehoje.com.br\/novoportal\/wp-json\/wp\/v2\/comments?post=16050"}],"version-history":[{"count":2,"href":"https:\/\/www.sudoestehoje.com.br\/novoportal\/wp-json\/wp\/v2\/posts\/16050\/revisions"}],"predecessor-version":[{"id":16052,"href":"https:\/\/www.sudoestehoje.com.br\/novoportal\/wp-json\/wp\/v2\/posts\/16050\/revisions\/16052"}],"wp:attachment":[{"href":"https:\/\/www.sudoestehoje.com.br\/novoportal\/wp-json\/wp\/v2\/media?parent=16050"}],"wp:term":[{"taxonomy":"category","embeddable":true,"href":"https:\/\/www.sudoestehoje.com.br\/novoportal\/wp-json\/wp\/v2\/categories?post=16050"},{"taxonomy":"post_tag","embeddable":true,"href":"https:\/\/www.sudoestehoje.com.br\/novoportal\/wp-json\/wp\/v2\/tags?post=16050"}],"curies":[{"name":"wp","href":"https:\/\/api.w.org\/{rel}","templated":true}]}}