
{"id":16047,"date":"2012-05-22T09:21:28","date_gmt":"2012-05-22T12:21:28","guid":{"rendered":"http:\/\/www.sudoestehoje.com.br\/novoportal\/?p=16047"},"modified":"2012-05-22T09:21:28","modified_gmt":"2012-05-22T12:21:28","slug":"preconceito-internauta-paulista-ofende-baianos-no-facebook","status":"publish","type":"post","link":"https:\/\/www.sudoestehoje.com.br\/novoportal\/2012\/05\/22\/preconceito-internauta-paulista-ofende-baianos-no-facebook\/","title":{"rendered":"PRECONCEITO: INTERNAUTA PAULISTA OFENDE BAIANOS NO FACEBOOK"},"content":{"rendered":"<p><img decoding=\"async\" class=\"aligncenter\" src=\"http:\/\/s1.c24hsttc.net\/uploads\/RTEmagicC_1c264aae05.jpg.jpg\" alt=\"\" width=\"500\" \/><\/p>\n<p>&nbsp;<\/p>\n<p>Mais um caso de preconceito contra nordestinos nas redes sociais aconteceu neste s\u00e1bado (19). O internauta paulista Eli Battistella postou diversas mensagens ofensivas sobre baianos em uma postagem da p\u00e1gina da SporTV no Facebook, sobre o Bandeir\u00e3o de 500m\u00b2 do Esporte Clube Bahia.<\/p>\n<p>Dentre os coment\u00e1rios preconceituosos, Battistella escreveu: \u201cbaianos vermes imumdos lixos!!! baiano nao \u00e9 gente!!! \u201d, \u201cbaiano \u00e9 tudo vagabundo analfabeto!!\u201d e \u201cbaiano ra\u00e7a nojenta imunda!!\u201d.\u00a0 Outro internauta do Rio Grande do Sul, Diego Azambuja, tamb\u00e9m postou uma mensagem ofensiva: \u201cBahiano \u00e9 t\u00e3o pregui\u00e7oso que n\u00e3o vai levantar a bandeira PQ \u00e9 muito pesada&#8221;.<!--more--><\/p>\n<p>As declara\u00e7\u00f5es t\u00eam causado indigna\u00e7\u00e3o na rede social e alguns internautas mostraram o desejo de processar Eli Battistela. &#8220;Galera, para denunciar com a policia com intoler\u00e2ncia regional ou cultural o site \u00e9: www.safernet.org.br\/site\/ B\u00ca\u00caAAA&#8230; Sua torcida nunca lhe abandonar\u00e1&#8221;, postou o internauta\u00a0 feirense Victor Pereira. J\u00e1 Breno Viana, que mora em Salvador, publicou &#8220;baiano \u00e9 vagabundo? e pq vcs passam as ferias aqui? bando de fdp&#8221;.<\/p>\n<p>A internauta soteropolitana Ta\u00eds Chagas relembrou o caso da estudante Mayara Petruso, condenada \u00e0 pris\u00e3o pelo crime de racismo ao postar mensagens preconceituosas e incitar viol\u00eancia contra nordestinos em sua p\u00e1gina no Twitter. \u201cGostaria de lembrar ao colega aki em cima ELI BATTISTELLA, o caso da garota Mayara viu&#8230;vc deveria tomar muito cuidado com a m&#8230; q fala viu seu babaca!!! Respeito \u00e9 bom e eu gosto&#8230;t\u00e1 com raiva&#8230;morda suas costas seu alienado!!! \u201d, postou Ta\u00eds.<\/p>\n<p><strong><em>Correio<\/em><\/strong><\/p>\n","protected":false},"excerpt":{"rendered":"<p>&nbsp; Mais um caso de preconceito contra nordestinos nas redes sociais aconteceu neste s\u00e1bado (19). O internauta paulista Eli Battistella postou diversas mensagens ofensivas sobre baianos em uma postagem da p\u00e1gina da SporTV no Facebook, sobre o Bandeir\u00e3o de 500m\u00b2 do Esporte Clube Bahia. Dentre os coment\u00e1rios preconceituosos, Battistella escreveu: \u201cbaianos vermes imumdos lixos!!! baiano [&hellip;]<\/p>\n","protected":false},"author":2,"featured_media":0,"comment_status":"open","ping_status":"open","sticky":false,"template":"","format":"standard","meta":{"footnotes":"","_links_to":"","_links_to_target":""},"categories":[1],"tags":[],"class_list":["post-16047","post","type-post","status-publish","format-standard","hentry","category-geral"],"views":1483,"_links":{"self":[{"href":"https:\/\/www.sudoestehoje.com.br\/novoportal\/wp-json\/wp\/v2\/posts\/16047","targetHints":{"allow":["GET"]}}],"collection":[{"href":"https:\/\/www.sudoestehoje.com.br\/novoportal\/wp-json\/wp\/v2\/posts"}],"about":[{"href":"https:\/\/www.sudoestehoje.com.br\/novoportal\/wp-json\/wp\/v2\/types\/post"}],"author":[{"embeddable":true,"href":"https:\/\/www.sudoestehoje.com.br\/novoportal\/wp-json\/wp\/v2\/users\/2"}],"replies":[{"embeddable":true,"href":"https:\/\/www.sudoestehoje.com.br\/novoportal\/wp-json\/wp\/v2\/comments?post=16047"}],"version-history":[{"count":2,"href":"https:\/\/www.sudoestehoje.com.br\/novoportal\/wp-json\/wp\/v2\/posts\/16047\/revisions"}],"predecessor-version":[{"id":16049,"href":"https:\/\/www.sudoestehoje.com.br\/novoportal\/wp-json\/wp\/v2\/posts\/16047\/revisions\/16049"}],"wp:attachment":[{"href":"https:\/\/www.sudoestehoje.com.br\/novoportal\/wp-json\/wp\/v2\/media?parent=16047"}],"wp:term":[{"taxonomy":"category","embeddable":true,"href":"https:\/\/www.sudoestehoje.com.br\/novoportal\/wp-json\/wp\/v2\/categories?post=16047"},{"taxonomy":"post_tag","embeddable":true,"href":"https:\/\/www.sudoestehoje.com.br\/novoportal\/wp-json\/wp\/v2\/tags?post=16047"}],"curies":[{"name":"wp","href":"https:\/\/api.w.org\/{rel}","templated":true}]}}