
{"id":16027,"date":"2012-05-21T16:41:46","date_gmt":"2012-05-21T19:41:46","guid":{"rendered":"http:\/\/www.sudoestehoje.com.br\/novoportal\/?p=16027"},"modified":"2012-05-21T20:28:03","modified_gmt":"2012-05-21T23:28:03","slug":"ministerio-publico-do-trabalho-pede-execucao-de-multa-de-r-137-mil-contra-ze-carlos","status":"publish","type":"post","link":"https:\/\/www.sudoestehoje.com.br\/novoportal\/2012\/05\/21\/ministerio-publico-do-trabalho-pede-execucao-de-multa-de-r-137-mil-contra-ze-carlos\/","title":{"rendered":"MINIST\u00c9RIO P\u00daBLICO DO TRABALHO PEDE EXECU\u00c7\u00c3O DE MULTA DE R$ 137 MIL CONTRA Z\u00c9 CARLOS"},"content":{"rendered":"<p><img decoding=\"async\" class=\"aligncenter\" src=\"http:\/\/www.bahianoticias.com.br\/fotos\/principal_noticias\/116387\/IMAGEM_NOTICIA_5.jpg\" alt=\"Itapetinga: MPT pede que Justi\u00e7a aplique multa de R$ 137 mil a prefeito\" width=\"400\" \/><\/p>\n<p style=\"text-align: center;\"><em>\u00a0M\u00e1 gest\u00e3o e irregularidades j\u00e1 resultam em multas acumuladas de R$150 mil<\/em><\/p>\n<p>&nbsp;<\/p>\n<p>ITAPETINGA: O Minist\u00e9rio P\u00fablico do Trabalho (MPT) pediu \u00e0 Justi\u00e7a a execu\u00e7\u00e3o de uma multa de R$ 137 mil para o prefeito de Itapetinga, no sudoeste da Bahia, Jos\u00e9 Carlos Cruz Cerqueira Moura (PT), por descumprimento de Termo de Ajuste de Conduta (TAC). Em maio de 2010, o gestor prometeu regularizar o Fundo de Garantia do Tempo de Servi\u00e7o (FGTS) atrasado de todos os servidores celetistas, al\u00e9m de pagar as f\u00e9rias e o vale transporte. Em mar\u00e7o de 2011, novas den\u00fancias feitas pelos funcion\u00e1rios acusaram o prefeito de n\u00e3o pagar o vale-transporte. Na audi\u00eancia convocada para resolver o impasse, o prefeito reconheceu o atraso e assinou um termo aditivo em que se comprometia a regularizar essa situa\u00e7\u00e3o. No entanto, segundo o MPT, a falta de pagamento persiste e o petista foi denunciado mais uma vez, no in\u00edcio de maio deste ano, pelo Sinditatiba. Caso n\u00e3o consiga quitar o montante, ele poder\u00e1 ter bens confiscados.<\/p>\n<p>O valor da multa ser\u00e1 revertido para programas que beneficiem a sociedade, tais como projetos p\u00fablicos ou privados sem fins lucrativos; entidades filantr\u00f3picas, culturais, educacionais ou cient\u00edficos; ao Fundo de Amparo ao Trabalhador (FAT), ou, ainda, para institui\u00e7\u00f5es com objetivos sociais, de desenvolvimento e melhoria das condi\u00e7\u00f5es de trabalho.<\/p>\n<p>Afastamento<\/p>\n<p>O gestor de Itapetinga tamb\u00e9m \u00e9 alvo de processo movido pelo Minist\u00e9rio P\u00fablico da Bahia (MP &#8211; BA) por improbidade administrativa. A a\u00e7\u00e3o foi ajuizada pelo MP, a partir de den\u00fancia da retirada de R$ 500 mil dos cofres p\u00fablicos de Itapetinga no ano de 2010. A quantia seria destinada para pagar o escrit\u00f3rio de advocacia Bernardo Vidal, que resgataria, junto ao INSS, o valor estipulado em R$ 2,5 milh\u00f5es. Por\u00e9m, a empresa foi contratada sem licita\u00e7\u00e3o e, ainda assim, o valor n\u00e3o foi resgatado. Dessa forma, a promotora de justi\u00e7a Gen\u00edsia Oliveira, pediu o afastamento de Jos\u00e9 Carlos Moura da prefeitura, por violar os princ\u00edpios da administra\u00e7\u00e3o p\u00fablica.<\/p>\n<p><strong><em>Assessoria de Comunica\u00e7\u00e3o<\/em><\/strong><br \/>\n<strong><em> Minist\u00e9rio P\u00fablico do Trabalho da 5\u00aa Regi\u00e3o<\/em><\/strong><\/p>\n<p><strong><em><br \/>\n<\/em><\/strong><\/p>\n","protected":false},"excerpt":{"rendered":"<p>\u00a0M\u00e1 gest\u00e3o e irregularidades j\u00e1 resultam em multas acumuladas de R$150 mil &nbsp; ITAPETINGA: O Minist\u00e9rio P\u00fablico do Trabalho (MPT) pediu \u00e0 Justi\u00e7a a execu\u00e7\u00e3o de uma multa de R$ 137 mil para o prefeito de Itapetinga, no sudoeste da Bahia, Jos\u00e9 Carlos Cruz Cerqueira Moura (PT), por descumprimento de Termo de Ajuste de Conduta [&hellip;]<\/p>\n","protected":false},"author":2,"featured_media":0,"comment_status":"open","ping_status":"open","sticky":false,"template":"","format":"standard","meta":{"footnotes":"","_links_to":"","_links_to_target":""},"categories":[1],"tags":[],"class_list":["post-16027","post","type-post","status-publish","format-standard","hentry","category-geral"],"views":1426,"_links":{"self":[{"href":"https:\/\/www.sudoestehoje.com.br\/novoportal\/wp-json\/wp\/v2\/posts\/16027","targetHints":{"allow":["GET"]}}],"collection":[{"href":"https:\/\/www.sudoestehoje.com.br\/novoportal\/wp-json\/wp\/v2\/posts"}],"about":[{"href":"https:\/\/www.sudoestehoje.com.br\/novoportal\/wp-json\/wp\/v2\/types\/post"}],"author":[{"embeddable":true,"href":"https:\/\/www.sudoestehoje.com.br\/novoportal\/wp-json\/wp\/v2\/users\/2"}],"replies":[{"embeddable":true,"href":"https:\/\/www.sudoestehoje.com.br\/novoportal\/wp-json\/wp\/v2\/comments?post=16027"}],"version-history":[{"count":7,"href":"https:\/\/www.sudoestehoje.com.br\/novoportal\/wp-json\/wp\/v2\/posts\/16027\/revisions"}],"predecessor-version":[{"id":16030,"href":"https:\/\/www.sudoestehoje.com.br\/novoportal\/wp-json\/wp\/v2\/posts\/16027\/revisions\/16030"}],"wp:attachment":[{"href":"https:\/\/www.sudoestehoje.com.br\/novoportal\/wp-json\/wp\/v2\/media?parent=16027"}],"wp:term":[{"taxonomy":"category","embeddable":true,"href":"https:\/\/www.sudoestehoje.com.br\/novoportal\/wp-json\/wp\/v2\/categories?post=16027"},{"taxonomy":"post_tag","embeddable":true,"href":"https:\/\/www.sudoestehoje.com.br\/novoportal\/wp-json\/wp\/v2\/tags?post=16027"}],"curies":[{"name":"wp","href":"https:\/\/api.w.org\/{rel}","templated":true}]}}