
{"id":16011,"date":"2012-05-20T18:02:55","date_gmt":"2012-05-20T21:02:55","guid":{"rendered":"http:\/\/www.sudoestehoje.com.br\/novoportal\/?p=16011"},"modified":"2012-05-20T18:02:55","modified_gmt":"2012-05-20T21:02:55","slug":"itororo-prefeito-reinaugura-casa-do-festsol-sem-concluir-reforma","status":"publish","type":"post","link":"https:\/\/www.sudoestehoje.com.br\/novoportal\/2012\/05\/20\/itororo-prefeito-reinaugura-casa-do-festsol-sem-concluir-reforma\/","title":{"rendered":"ITOROR\u00d3: PREFEITO REINAUGURA &#8216;CASA DO FESTSOL&#8217; SEM CONCLUIR REFORMA"},"content":{"rendered":"<p><a href=\"http:\/\/www.sudoestehoje.com.br\/novoportal\/wp-content\/uploads\/2012\/05\/CASA-DO-FESTSOL.jpg\"><img loading=\"lazy\" decoding=\"async\" class=\"aligncenter size-medium wp-image-16019\" title=\"CASA DO FESTSOL\" src=\"http:\/\/www.sudoestehoje.com.br\/novoportal\/wp-content\/uploads\/2012\/05\/CASA-DO-FESTSOL-500x333.jpg\" alt=\"\" width=\"500\" height=\"333\" srcset=\"https:\/\/www.sudoestehoje.com.br\/novoportal\/wp-content\/uploads\/2012\/05\/CASA-DO-FESTSOL-500x333.jpg 500w, https:\/\/www.sudoestehoje.com.br\/novoportal\/wp-content\/uploads\/2012\/05\/CASA-DO-FESTSOL.jpg 862w\" sizes=\"auto, (max-width: 500px) 100vw, 500px\" \/><\/a><\/p>\n<p style=\"text-align: center;\"><em>Na pressa, prefeito inaugura at\u00e9 obra inacabada<\/em><\/p>\n<p>&nbsp;<\/p>\n<p>ITOROR\u00d3: No programa de r\u00e1dio do governo da \u00faltima segunda-feira, o prefeito Adroaldo aparece convidando a popula\u00e7\u00e3o para a reinaugura\u00e7\u00e3o da Casa do Festsol, por\u00e9m, quem esteve l\u00e1 para os comes e bebes, voltou decepcionado, pois a obra anunciada n\u00e3o tinha sido conclu\u00edda. Eu, que fui o idealizador e construtor da Casa do Festsol, 12 anos atr\u00e1s, fiquei contente com as transforma\u00e7\u00f5es anunciadas pelo prefeito no sentido de dar utilidade ao espa\u00e7o abandonado pelos gestores at\u00e9 agora, inclusive o pr\u00f3prio. Ser\u00e1 ali, segundo ele, uma biblioteca com nome de\u00a0personalidades de nossa hist\u00f3ria. As evid\u00eancias desta homenagem \u00e9 meramente pol\u00edtica visando agregar votos da fam\u00edlia dos homenageados. Aviso ao prefeito que a casa precisa de reforma, mas n\u00e3o pode prescindir de uma inspe\u00e7\u00e3o mais rigorosa de t\u00e9cnicos do setor de constru\u00e7\u00e3o, para que haja refor\u00e7os em sua base no sentido de evitar acidentes por excesso de concentra\u00e7\u00e3o de peso principalmente durante os festejos, onde se costuma ter um bom n\u00famero de frequentadores. Com tudo isso, na realidade, a reinaugura\u00e7\u00e3o da Casa do Festsol \u00e9 mais uma maneira de burlar a lei para que o prefeito continue fazendo seus com\u00edcios.<\/p>\n<p><strong><em>Milton Marinho<\/em><\/strong><\/p>\n","protected":false},"excerpt":{"rendered":"<p>Na pressa, prefeito inaugura at\u00e9 obra inacabada &nbsp; ITOROR\u00d3: No programa de r\u00e1dio do governo da \u00faltima segunda-feira, o prefeito Adroaldo aparece convidando a popula\u00e7\u00e3o para a reinaugura\u00e7\u00e3o da Casa do Festsol, por\u00e9m, quem esteve l\u00e1 para os comes e bebes, voltou decepcionado, pois a obra anunciada n\u00e3o tinha sido conclu\u00edda. Eu, que fui o [&hellip;]<\/p>\n","protected":false},"author":2,"featured_media":0,"comment_status":"open","ping_status":"open","sticky":false,"template":"","format":"standard","meta":{"footnotes":"","_links_to":"","_links_to_target":""},"categories":[1],"tags":[],"class_list":["post-16011","post","type-post","status-publish","format-standard","hentry","category-geral"],"views":2594,"_links":{"self":[{"href":"https:\/\/www.sudoestehoje.com.br\/novoportal\/wp-json\/wp\/v2\/posts\/16011","targetHints":{"allow":["GET"]}}],"collection":[{"href":"https:\/\/www.sudoestehoje.com.br\/novoportal\/wp-json\/wp\/v2\/posts"}],"about":[{"href":"https:\/\/www.sudoestehoje.com.br\/novoportal\/wp-json\/wp\/v2\/types\/post"}],"author":[{"embeddable":true,"href":"https:\/\/www.sudoestehoje.com.br\/novoportal\/wp-json\/wp\/v2\/users\/2"}],"replies":[{"embeddable":true,"href":"https:\/\/www.sudoestehoje.com.br\/novoportal\/wp-json\/wp\/v2\/comments?post=16011"}],"version-history":[{"count":9,"href":"https:\/\/www.sudoestehoje.com.br\/novoportal\/wp-json\/wp\/v2\/posts\/16011\/revisions"}],"predecessor-version":[{"id":16021,"href":"https:\/\/www.sudoestehoje.com.br\/novoportal\/wp-json\/wp\/v2\/posts\/16011\/revisions\/16021"}],"wp:attachment":[{"href":"https:\/\/www.sudoestehoje.com.br\/novoportal\/wp-json\/wp\/v2\/media?parent=16011"}],"wp:term":[{"taxonomy":"category","embeddable":true,"href":"https:\/\/www.sudoestehoje.com.br\/novoportal\/wp-json\/wp\/v2\/categories?post=16011"},{"taxonomy":"post_tag","embeddable":true,"href":"https:\/\/www.sudoestehoje.com.br\/novoportal\/wp-json\/wp\/v2\/tags?post=16011"}],"curies":[{"name":"wp","href":"https:\/\/api.w.org\/{rel}","templated":true}]}}