
{"id":160,"date":"2010-09-08T00:39:30","date_gmt":"2010-09-08T03:39:30","guid":{"rendered":"http:\/\/sudoestehoje.tempsite.ws\/novoportal\/?p=160"},"modified":"2010-09-18T13:04:23","modified_gmt":"2010-09-18T16:04:23","slug":"7-de-setembro-grito-dos-excluidos","status":"publish","type":"post","link":"https:\/\/www.sudoestehoje.com.br\/novoportal\/2010\/09\/08\/7-de-setembro-grito-dos-excluidos\/","title":{"rendered":"7 DE SETEMBRO: GRITO DOS EXCLUIDOS"},"content":{"rendered":"<div>\n<div style=\"text-align: center;\"><img loading=\"lazy\" decoding=\"async\" src=\"http:\/\/www.sudoestehoje.com.br\/web\/images\/stories\/excluidos2.jpg\" border=\"0\" alt=\"\" width=\"450\" height=\"337\" \/><\/div>\n<p>ITAPETINGA:  O que marcou o desfile de 7 de Setembro em Itapetinga foram os cartazes  de protesto do &#8216;Grito dos Excluidos&#8217;. Em um deles uma &#8216;tabela de  pre\u00e7os&#8217; foi exibida, denunciando a imprensa comprada com dinheiro  p\u00fablico. O mais ir\u00f4nico foi ouvir o locutor oficial do desfile ler o  cartaz que denunciava os radialistas &#8216;adestrados&#8217;,\u00a0sendo que ele pr\u00f3prio  \u00e9 um dos mais ilustres representantes. Outros radialistas estavam no  palanque e deram aquele velho &#8216;sorriso amarelo&#8217;.<\/p>\n<div style=\"text-align: center;\"><img loading=\"lazy\" decoding=\"async\" src=\"http:\/\/www.sudoestehoje.com.br\/web\/images\/stories\/excluidos1.jpg\" border=\"0\" alt=\"\" width=\"450\" height=\"337\" \/><\/div>\n<p>Os  manifestantes empurravam um carrinho, levando o chamado &#8216;Kit Eleitor&#8217;. O  protesto foi contra a compra de votos, a corrup\u00e7\u00e3o eleitoral e as  mentiras reiteradas da imprensa paga com dinheiro p\u00fablico. Em um outro  cartaz, levado por uma manifestante, dizia: &#8221; N\u00e3o vote, \u00e9 corrupto&#8221;. Uma  seta no cartaz apontava, ironicamente,\u00a0para o palanque oficial em que  se encontravam o prefeito e outros pol\u00edticos.\u00a0Proposital ou mera  coincid\u00eancia?<\/p>\n<\/div>\n","protected":false},"excerpt":{"rendered":"<p>ITAPETINGA: O que marcou o desfile de 7 de Setembro em Itapetinga foram os cartazes de protesto do &#8216;Grito dos Excluidos&#8217;. Em um deles uma &#8216;tabela de pre\u00e7os&#8217; foi exibida, denunciando a imprensa comprada com dinheiro p\u00fablico. O mais ir\u00f4nico foi ouvir o locutor oficial do desfile ler o cartaz que denunciava os radialistas &#8216;adestrados&#8217;,\u00a0sendo [&hellip;]<\/p>\n","protected":false},"author":1,"featured_media":0,"comment_status":"open","ping_status":"open","sticky":false,"template":"","format":"standard","meta":{"footnotes":"","_links_to":"","_links_to_target":""},"categories":[10],"tags":[],"class_list":["post-160","post","type-post","status-publish","format-standard","hentry","category-itapetinga"],"views":1184,"_links":{"self":[{"href":"https:\/\/www.sudoestehoje.com.br\/novoportal\/wp-json\/wp\/v2\/posts\/160","targetHints":{"allow":["GET"]}}],"collection":[{"href":"https:\/\/www.sudoestehoje.com.br\/novoportal\/wp-json\/wp\/v2\/posts"}],"about":[{"href":"https:\/\/www.sudoestehoje.com.br\/novoportal\/wp-json\/wp\/v2\/types\/post"}],"author":[{"embeddable":true,"href":"https:\/\/www.sudoestehoje.com.br\/novoportal\/wp-json\/wp\/v2\/users\/1"}],"replies":[{"embeddable":true,"href":"https:\/\/www.sudoestehoje.com.br\/novoportal\/wp-json\/wp\/v2\/comments?post=160"}],"version-history":[{"count":1,"href":"https:\/\/www.sudoestehoje.com.br\/novoportal\/wp-json\/wp\/v2\/posts\/160\/revisions"}],"predecessor-version":[{"id":161,"href":"https:\/\/www.sudoestehoje.com.br\/novoportal\/wp-json\/wp\/v2\/posts\/160\/revisions\/161"}],"wp:attachment":[{"href":"https:\/\/www.sudoestehoje.com.br\/novoportal\/wp-json\/wp\/v2\/media?parent=160"}],"wp:term":[{"taxonomy":"category","embeddable":true,"href":"https:\/\/www.sudoestehoje.com.br\/novoportal\/wp-json\/wp\/v2\/categories?post=160"},{"taxonomy":"post_tag","embeddable":true,"href":"https:\/\/www.sudoestehoje.com.br\/novoportal\/wp-json\/wp\/v2\/tags?post=160"}],"curies":[{"name":"wp","href":"https:\/\/api.w.org\/{rel}","templated":true}]}}