
{"id":16,"date":"2009-05-20T15:21:48","date_gmt":"2009-05-20T15:21:48","guid":{"rendered":"http:\/\/sudoestehoje.tempsite.ws\/novoportal\/?p=16"},"modified":"2010-09-17T15:22:23","modified_gmt":"2010-09-17T15:22:23","slug":"doenca-de-dilma-preocupa-pt","status":"publish","type":"post","link":"https:\/\/www.sudoestehoje.com.br\/novoportal\/2009\/05\/20\/doenca-de-dilma-preocupa-pt\/","title":{"rendered":"Doen\u00e7a de Dilma preocupa PT"},"content":{"rendered":"<p>Em declara\u00e7\u00f5es oficiais, a dire\u00e7\u00e3o do PT diz que nada muda e que a ministra Dilma Rousseff continua sendo a candidata.<br \/>\n&#8211;  Temos certeza de que em no m\u00e1ximo quatro meses ela estar\u00e1 prontinha  para a campanha &#8211; diz o secret\u00e1rio nacional de Organiza\u00e7\u00e3o do PT, Paulo  Frateschi.<\/p>\n<p>Em conversas reservadas, por\u00e9m, o PT admite que o  ressurgimento da tese do terceiro mandato consecutivo para o presidente  Lula \u00e9 mais danoso para a candidatura de Dilma do que a doen\u00e7a.<br \/>\n&#8211; O que mais nos prejudica \u00e9 a volta dessa hist\u00f3ria de terceiro mandato &#8211; diz Frateschi.<\/p>\n<p>Para  os petistas, a volta das especula\u00e7\u00f5es sobre um novo mandato de Lula  passam \u00e0 popula\u00e7\u00e3o a ideia de que nem o PT acredita na vit\u00f3ria de Dilma.<\/p>\n","protected":false},"excerpt":{"rendered":"<p>Em declara\u00e7\u00f5es oficiais, a dire\u00e7\u00e3o do PT diz que nada muda e que a ministra Dilma Rousseff continua sendo a candidata. &#8211; Temos certeza de que em no m\u00e1ximo quatro meses ela estar\u00e1 prontinha para a campanha &#8211; diz o secret\u00e1rio nacional de Organiza\u00e7\u00e3o do PT, Paulo Frateschi. Em conversas reservadas, por\u00e9m, o PT admite [&hellip;]<\/p>\n","protected":false},"author":1,"featured_media":0,"comment_status":"open","ping_status":"open","sticky":false,"template":"","format":"standard","meta":{"footnotes":"","_links_to":"","_links_to_target":""},"categories":[6],"tags":[],"class_list":["post-16","post","type-post","status-publish","format-standard","hentry","category-brasil"],"views":1542,"_links":{"self":[{"href":"https:\/\/www.sudoestehoje.com.br\/novoportal\/wp-json\/wp\/v2\/posts\/16","targetHints":{"allow":["GET"]}}],"collection":[{"href":"https:\/\/www.sudoestehoje.com.br\/novoportal\/wp-json\/wp\/v2\/posts"}],"about":[{"href":"https:\/\/www.sudoestehoje.com.br\/novoportal\/wp-json\/wp\/v2\/types\/post"}],"author":[{"embeddable":true,"href":"https:\/\/www.sudoestehoje.com.br\/novoportal\/wp-json\/wp\/v2\/users\/1"}],"replies":[{"embeddable":true,"href":"https:\/\/www.sudoestehoje.com.br\/novoportal\/wp-json\/wp\/v2\/comments?post=16"}],"version-history":[{"count":2,"href":"https:\/\/www.sudoestehoje.com.br\/novoportal\/wp-json\/wp\/v2\/posts\/16\/revisions"}],"predecessor-version":[{"id":18,"href":"https:\/\/www.sudoestehoje.com.br\/novoportal\/wp-json\/wp\/v2\/posts\/16\/revisions\/18"}],"wp:attachment":[{"href":"https:\/\/www.sudoestehoje.com.br\/novoportal\/wp-json\/wp\/v2\/media?parent=16"}],"wp:term":[{"taxonomy":"category","embeddable":true,"href":"https:\/\/www.sudoestehoje.com.br\/novoportal\/wp-json\/wp\/v2\/categories?post=16"},{"taxonomy":"post_tag","embeddable":true,"href":"https:\/\/www.sudoestehoje.com.br\/novoportal\/wp-json\/wp\/v2\/tags?post=16"}],"curies":[{"name":"wp","href":"https:\/\/api.w.org\/{rel}","templated":true}]}}