
{"id":1595,"date":"2010-10-31T12:23:35","date_gmt":"2010-10-31T15:23:35","guid":{"rendered":"http:\/\/www.sudoestehoje.com.br\/novoportal\/?p=1595"},"modified":"2010-10-31T12:24:22","modified_gmt":"2010-10-31T15:24:22","slug":"itapetinga-poucos-eleitores-compareceram-para-votar","status":"publish","type":"post","link":"https:\/\/www.sudoestehoje.com.br\/novoportal\/2010\/10\/31\/itapetinga-poucos-eleitores-compareceram-para-votar\/","title":{"rendered":"ITAPETINGA: POUCOS ELEITORES COMPARECERAM PARA VOTAR"},"content":{"rendered":"<p style=\"text-align: center;\"><a rel=\"attachment wp-att-1596\" href=\"http:\/\/www.sudoestehoje.com.br\/novoportal\/2010\/10\/31\/itapetinga-poucos-eleitores-compareceram-para-votar\/100_3720\/\"><img loading=\"lazy\" decoding=\"async\" class=\"size-medium wp-image-1596  aligncenter\" title=\"100_3720\" src=\"http:\/\/www.sudoestehoje.com.br\/novoportal\/wp-content\/uploads\/2010\/10\/100_3720-500x375.jpg\" alt=\"\" width=\"500\" height=\"375\" srcset=\"https:\/\/www.sudoestehoje.com.br\/novoportal\/wp-content\/uploads\/2010\/10\/100_3720-500x375.jpg 500w, https:\/\/www.sudoestehoje.com.br\/novoportal\/wp-content\/uploads\/2010\/10\/100_3720-1024x768.jpg 1024w\" sizes=\"auto, (max-width: 500px) 100vw, 500px\" \/><\/a><\/p>\n<p style=\"text-align: center;\"><strong>Col\u00e9gio Batista: o comparecimento de eleitores foi fraco, at\u00e9 o meio-dia<\/strong><\/p>\n<p>\u00a0<\/p>\n<p>ITAPETINGA: At\u00e9 o meio-dia deste domingo de elei\u00e7\u00f5es, o processo de vota\u00e7\u00e3o em todas as se\u00e7\u00f5es\u00a0 da 140\u00aa Zona, em Itapetinga, \u00e9 tranquilo. O que preocupa\u00a0 mesmo \u00e9 o n\u00famero reduzido de eleitores nos locais de vota\u00e7\u00e3o,\u00a0levando a crer que a absten\u00e7\u00e3o poder\u00e1 ser bem maior que no primeiro turno. No Col\u00e9gio Batista, local de grande movimenta\u00e7\u00e3o de eleitores no primeiro turno, as se\u00e7\u00f5es est\u00e3o vazias. Entretanto, \u00e9 esperado um comparecimento maior de eleitores\u00a0na parte da tarde.<\/p>\n<p>Da reda\u00e7\u00e3o<\/p>\n","protected":false},"excerpt":{"rendered":"<p>Col\u00e9gio Batista: o comparecimento de eleitores foi fraco, at\u00e9 o meio-dia \u00a0 ITAPETINGA: At\u00e9 o meio-dia deste domingo de elei\u00e7\u00f5es, o processo de vota\u00e7\u00e3o em todas as se\u00e7\u00f5es\u00a0 da 140\u00aa Zona, em Itapetinga, \u00e9 tranquilo. O que preocupa\u00a0 mesmo \u00e9 o n\u00famero reduzido de eleitores nos locais de vota\u00e7\u00e3o,\u00a0levando a crer que a absten\u00e7\u00e3o poder\u00e1 [&hellip;]<\/p>\n","protected":false},"author":2,"featured_media":0,"comment_status":"open","ping_status":"open","sticky":false,"template":"","format":"standard","meta":{"footnotes":"","_links_to":"","_links_to_target":""},"categories":[1],"tags":[],"class_list":["post-1595","post","type-post","status-publish","format-standard","hentry","category-geral"],"views":3059,"_links":{"self":[{"href":"https:\/\/www.sudoestehoje.com.br\/novoportal\/wp-json\/wp\/v2\/posts\/1595","targetHints":{"allow":["GET"]}}],"collection":[{"href":"https:\/\/www.sudoestehoje.com.br\/novoportal\/wp-json\/wp\/v2\/posts"}],"about":[{"href":"https:\/\/www.sudoestehoje.com.br\/novoportal\/wp-json\/wp\/v2\/types\/post"}],"author":[{"embeddable":true,"href":"https:\/\/www.sudoestehoje.com.br\/novoportal\/wp-json\/wp\/v2\/users\/2"}],"replies":[{"embeddable":true,"href":"https:\/\/www.sudoestehoje.com.br\/novoportal\/wp-json\/wp\/v2\/comments?post=1595"}],"version-history":[{"count":9,"href":"https:\/\/www.sudoestehoje.com.br\/novoportal\/wp-json\/wp\/v2\/posts\/1595\/revisions"}],"predecessor-version":[{"id":1605,"href":"https:\/\/www.sudoestehoje.com.br\/novoportal\/wp-json\/wp\/v2\/posts\/1595\/revisions\/1605"}],"wp:attachment":[{"href":"https:\/\/www.sudoestehoje.com.br\/novoportal\/wp-json\/wp\/v2\/media?parent=1595"}],"wp:term":[{"taxonomy":"category","embeddable":true,"href":"https:\/\/www.sudoestehoje.com.br\/novoportal\/wp-json\/wp\/v2\/categories?post=1595"},{"taxonomy":"post_tag","embeddable":true,"href":"https:\/\/www.sudoestehoje.com.br\/novoportal\/wp-json\/wp\/v2\/tags?post=1595"}],"curies":[{"name":"wp","href":"https:\/\/api.w.org\/{rel}","templated":true}]}}