
{"id":15929,"date":"2012-05-19T00:25:16","date_gmt":"2012-05-19T03:25:16","guid":{"rendered":"http:\/\/www.sudoestehoje.com.br\/novoportal\/?p=15929"},"modified":"2012-05-19T00:25:16","modified_gmt":"2012-05-19T03:25:16","slug":"macarani-prefeitura-inicia-reforma-do-hospital-sao-pedro","status":"publish","type":"post","link":"https:\/\/www.sudoestehoje.com.br\/novoportal\/2012\/05\/19\/macarani-prefeitura-inicia-reforma-do-hospital-sao-pedro\/","title":{"rendered":"MACARANI: PREFEITURA INICIA REFORMA DO HOSPITAL S\u00c3O PEDRO"},"content":{"rendered":"<div id=\"attachment_15930\" style=\"width: 310px\" class=\"wp-caption aligncenter\"><a href=\"http:\/\/www.sudoestehoje.com.br\/novoportal\/wp-content\/uploads\/2012\/05\/MACAR-DSC_3908.jpg\"><img decoding=\"async\" aria-describedby=\"caption-attachment-15930\" class=\" wp-image-15930 \" title=\"MACAR DSC_3908\" src=\"http:\/\/www.sudoestehoje.com.br\/novoportal\/wp-content\/uploads\/2012\/05\/MACAR-DSC_3908-500x750.jpg\" alt=\"\" width=\"300\" srcset=\"https:\/\/www.sudoestehoje.com.br\/novoportal\/wp-content\/uploads\/2012\/05\/MACAR-DSC_3908-500x750.jpg 500w, https:\/\/www.sudoestehoje.com.br\/novoportal\/wp-content\/uploads\/2012\/05\/MACAR-DSC_3908-682x1024.jpg 682w, https:\/\/www.sudoestehoje.com.br\/novoportal\/wp-content\/uploads\/2012\/05\/MACAR-DSC_3908.jpg 1536w\" sizes=\"(max-width: 500px) 100vw, 500px\" \/><\/a><p id=\"caption-attachment-15930\" class=\"wp-caption-text\">Prefeito Carlinhos d\u00e1 a largada na reforma e amplia\u00e7\u00e3o do Hospital Municipal S\u00e3o Pedro.<\/p><\/div>\n<p><strong><em>Ascom Jota Santos<\/em><\/strong><\/p>\n<p>MACARANI: Na manh\u00e3 da \u00faltima quinta-feira, 17, a prefeitura de Macarani deu inicio, oficialmente, a reforma e amplia\u00e7\u00e3o do hospital municipal S\u00e3o Pedro, constru\u00eddo h\u00e1 quase duas d\u00e9cadas e j\u00e1 n\u00e3o atende mais a demanda do munic\u00edpio de forma satisfat\u00f3ria, face ao not\u00f3rio crescimento da cidade nos \u00faltimos anos.<\/p>\n<p>Desde que assumiu o governo, em janeiro de 2009, o prefeito Carlinhos se mostrou interessado em resolver o problema, mas esbarrava na falta de verba por se tratar de uma obra complexa que demandava recursos incompat\u00edveis com a receita pr\u00f3pria da prefeitura. Apesar disso, o prefeito realizou pequenas reformas em \u00e1reas priorit\u00e1rias, j\u00e1 que o hospital se encontrava em situa\u00e7\u00e3o prec\u00e1ria de funcionamento, as redes el\u00e9trica e hidr\u00e1ulica estavam comprometidas, banheiros de alguns leitos sem funcionar, a lavanderia industrial se encontrava praticamente desativada por falta de m\u00e1quinas e o pronto-socorro n\u00e3o oferecia a m\u00ednima condi\u00e7\u00e3o digna de trabalho para os profissionais e pacientes. Aliado a isso, o hospital s\u00f3 tinha uma ambul\u00e2ncia, e esta, sem condi\u00e7\u00f5es seguras de trafegabilidade al\u00e9m da falta de m\u00e9dicos especialistas e medicamentos na farm\u00e1cia b\u00e1sica.<\/p>\n<div id=\"attachment_15931\" style=\"width: 410px\" class=\"wp-caption aligncenter\"><a href=\"http:\/\/www.sudoestehoje.com.br\/novoportal\/wp-content\/uploads\/2012\/05\/MACAR-Profissionais-do-hospital.jpg\"><img decoding=\"async\" aria-describedby=\"caption-attachment-15931\" class=\" wp-image-15931 \" title=\"MACAR Profissionais do hospital\" src=\"http:\/\/www.sudoestehoje.com.br\/novoportal\/wp-content\/uploads\/2012\/05\/MACAR-Profissionais-do-hospital-500x333.jpg\" alt=\"\" width=\"400\" srcset=\"https:\/\/www.sudoestehoje.com.br\/novoportal\/wp-content\/uploads\/2012\/05\/MACAR-Profissionais-do-hospital-500x333.jpg 500w, https:\/\/www.sudoestehoje.com.br\/novoportal\/wp-content\/uploads\/2012\/05\/MACAR-Profissionais-do-hospital-1024x682.jpg 1024w\" sizes=\"(max-width: 500px) 100vw, 500px\" \/><\/a><p id=\"caption-attachment-15931\" class=\"wp-caption-text\">Funcion\u00e1rios do Hospital Municipal S\u00e3o Pedro comemoraram o in\u00edcio da reforma anunciado pelo prefeito Carlinhos.<\/p><\/div>\n<p><!--more-->Atrav\u00e9s do ent\u00e3o deputado federal, Edigar M\u00e3o Branca, foi feita uma emenda ao or\u00e7amento da Uni\u00e3o, no valor de R$ 700 mil reais para reforma, amplia\u00e7\u00e3o e compra de equipamentos de equipamentos para o hospital municipal S\u00e3o Pedro. A a\u00e7\u00e3o do parlamentar, apesar de n\u00e3o ser para libera\u00e7\u00e3o imediata, foi recebida com euforia, pois veio de encontro ao desejo do atual prefeito reconstruir a Casa de Sa\u00fade, dotando-a de infraestrutura mais digna para melhor atender a comunidade. A verba foi dividida em dois lotes: a primeira de R$ 200 mil chegou mais cedo, o que permitiu a prefeitura comprar um novo aparelho de eletrocardiograma digital e um desfibrilador, sendo este, \u00fanico na regi\u00e3o. Tamb\u00e9m seria adquirido um moderno equipamento de Raio-X, n\u00e3o sendo poss\u00edvel antes por falta de isolamento adequado na sala de radiologia.<\/p>\n<p>No m\u00eas passado, a verba que possibilitar\u00e1 reformar e ampliar o hospital foi, enfim, liberada pelo Minist\u00e9rio da Sa\u00fade e, de imediato, a prefeitura deu inicio a obra t\u00e3o esperada pela comunidade. O arquiteto Jorge Jourdam elaborou o projeto de amplia\u00e7\u00e3o, que traz no seu bojo, novas enfermarias, ala pedi\u00e1trica, consult\u00f3rios m\u00e9dico, uma nova lavanderia, corredores de circula\u00e7\u00e3o de ar, amplia\u00e7\u00e3o do centro cir\u00fargico, setor de radiologia, recep\u00e7\u00e3o projetada para melhor acomoda\u00e7\u00e3o dos pacientes na espera pelo atendimento, laborat\u00f3rio, maternidade e modernas salas administrativas.<\/p>\n<p>No ato de\u00a0inicio dos trabalhos, o prefeito Carlinhos afirmou \u201cInvestir na melhoria e amplia\u00e7\u00e3o da estrutura f\u00edsica do Hospital \u00e9 importante porque vai melhorar a qualidade do diagn\u00f3stico e dar maior conforto na acomoda\u00e7\u00e3o dos pacientes que, por ventura, necessitarem de internamento. Por\u00e9m, melhor do que isso \u00e9 a presen\u00e7a de uma equipe de profissionais que t\u00eam a percep\u00e7\u00e3o e a sensibilidade de sentir a dor do paciente e conduzi-lo a um tratamento humano e solid\u00e1rio. S\u00f3 assim alcan\u00e7aremos o n\u00edvel elevado de satisfa\u00e7\u00e3o da popula\u00e7\u00e3o assistida\u201d. O prefeito disse ainda que &#8220;n\u00e3o poderia exigir dos profissionais de sa\u00fade um trabalho eficiente se n\u00e3o facultar aos mesmos um ambiente digno para exercerem o seu of\u00edcio&#8221;. O gestor aproveitou para lamentar o pensamento, traduzido em palavras, do ex-prefeito, que afirmou n\u00e3o ser necess\u00e1rio o trabalho de reforma e amplia\u00e7\u00e3o do hospital. &#8220;Uma pessoa que fala isso demonstra n\u00e3o ter comprometimento com sa\u00fade de Macarani. Humilha o povo pobre e desqualifica os profissionais que se doam para tratar com humanidade a comunidade carente do munic\u00edpio&#8221; Assinalou.<\/p>\n","protected":false},"excerpt":{"rendered":"<p>Ascom Jota Santos MACARANI: Na manh\u00e3 da \u00faltima quinta-feira, 17, a prefeitura de Macarani deu inicio, oficialmente, a reforma e amplia\u00e7\u00e3o do hospital municipal S\u00e3o Pedro, constru\u00eddo h\u00e1 quase duas d\u00e9cadas e j\u00e1 n\u00e3o atende mais a demanda do munic\u00edpio de forma satisfat\u00f3ria, face ao not\u00f3rio crescimento da cidade nos \u00faltimos anos. Desde que assumiu [&hellip;]<\/p>\n","protected":false},"author":2,"featured_media":0,"comment_status":"open","ping_status":"open","sticky":false,"template":"","format":"standard","meta":{"footnotes":"","_links_to":"","_links_to_target":""},"categories":[1],"tags":[],"class_list":["post-15929","post","type-post","status-publish","format-standard","hentry","category-geral"],"views":2350,"_links":{"self":[{"href":"https:\/\/www.sudoestehoje.com.br\/novoportal\/wp-json\/wp\/v2\/posts\/15929","targetHints":{"allow":["GET"]}}],"collection":[{"href":"https:\/\/www.sudoestehoje.com.br\/novoportal\/wp-json\/wp\/v2\/posts"}],"about":[{"href":"https:\/\/www.sudoestehoje.com.br\/novoportal\/wp-json\/wp\/v2\/types\/post"}],"author":[{"embeddable":true,"href":"https:\/\/www.sudoestehoje.com.br\/novoportal\/wp-json\/wp\/v2\/users\/2"}],"replies":[{"embeddable":true,"href":"https:\/\/www.sudoestehoje.com.br\/novoportal\/wp-json\/wp\/v2\/comments?post=15929"}],"version-history":[{"count":3,"href":"https:\/\/www.sudoestehoje.com.br\/novoportal\/wp-json\/wp\/v2\/posts\/15929\/revisions"}],"predecessor-version":[{"id":15934,"href":"https:\/\/www.sudoestehoje.com.br\/novoportal\/wp-json\/wp\/v2\/posts\/15929\/revisions\/15934"}],"wp:attachment":[{"href":"https:\/\/www.sudoestehoje.com.br\/novoportal\/wp-json\/wp\/v2\/media?parent=15929"}],"wp:term":[{"taxonomy":"category","embeddable":true,"href":"https:\/\/www.sudoestehoje.com.br\/novoportal\/wp-json\/wp\/v2\/categories?post=15929"},{"taxonomy":"post_tag","embeddable":true,"href":"https:\/\/www.sudoestehoje.com.br\/novoportal\/wp-json\/wp\/v2\/tags?post=15929"}],"curies":[{"name":"wp","href":"https:\/\/api.w.org\/{rel}","templated":true}]}}