
{"id":15923,"date":"2012-05-19T00:04:36","date_gmt":"2012-05-19T03:04:36","guid":{"rendered":"http:\/\/www.sudoestehoje.com.br\/novoportal\/?p=15923"},"modified":"2012-05-19T00:05:39","modified_gmt":"2012-05-19T03:05:39","slug":"itapetinga-ptdob-se-reune-com-geraldo-trindade","status":"publish","type":"post","link":"https:\/\/www.sudoestehoje.com.br\/novoportal\/2012\/05\/19\/itapetinga-ptdob-se-reune-com-geraldo-trindade\/","title":{"rendered":"ITAPETINGA: PTdoB SE RE\u00daNE COM GERALDO TRINDADE"},"content":{"rendered":"<div id=\"attachment_15924\" style=\"width: 410px\" class=\"wp-caption aligncenter\"><a href=\"http:\/\/www.sudoestehoje.com.br\/novoportal\/wp-content\/uploads\/2012\/05\/PT-do-B.DEM_..17-de-maio-12.jpg\"><img decoding=\"async\" aria-describedby=\"caption-attachment-15924\" class=\" wp-image-15924 \" title=\"PT do B.DEM..17 de maio 12\" src=\"http:\/\/www.sudoestehoje.com.br\/novoportal\/wp-content\/uploads\/2012\/05\/PT-do-B.DEM_..17-de-maio-12-500x330.jpg\" alt=\"\" width=\"400\" srcset=\"https:\/\/www.sudoestehoje.com.br\/novoportal\/wp-content\/uploads\/2012\/05\/PT-do-B.DEM_..17-de-maio-12-500x330.jpg 500w, https:\/\/www.sudoestehoje.com.br\/novoportal\/wp-content\/uploads\/2012\/05\/PT-do-B.DEM_..17-de-maio-12.jpg 547w\" sizes=\"(max-width: 500px) 100vw, 500px\" \/><\/a><p id=\"caption-attachment-15924\" class=\"wp-caption-text\">Lideran\u00e7as do PTdoB discutiram com o pr\u00e9-candidato Geraldo Trindade a possibilidade de uni\u00e3o das oposi\u00e7\u00f5es com vistas ao pleito de outubro.<\/p><\/div>\n<p><span style=\"text-decoration: underline;\"><br \/>\n<\/span><\/p>\n<p>Dando prosseguimento \u00e0 sua estrat\u00e9gia local e visando as elei\u00e7\u00f5es municipais de 2012, os dirigentes do PT do B de Itapetinga, liderados por seu presidente, o Professor Ramiro Oliveira,visitaram o pr\u00e9-candidato do Democratas, Geraldo Trindade, na noite desta quinta-feira (17).<\/p>\n<p>Na oportunidade foi entregue ao pr\u00e9-candidato do DEM uma c\u00f3pia do plano de governo do PTdoB, lan\u00e7ado em 2008, que foi muito elogiado. Geraldo tamb\u00e9m \u00a0fez uma exposi\u00e7\u00e3o de suas principais preocupa\u00e7\u00f5es e prioridades governamentais, caso venha a lograr \u00eaxito nas elei\u00e7\u00f5es.<\/p>\n<p>Foi marcada uma nova reuni\u00e3o, desta vez com toda a c\u00fapula do DEM, para o pr\u00f3ximo dia 21 deste m\u00eas, onde ser\u00e3o aprofundados os debates e as principais propostas do plano de governo dos dois partidos.<\/p>\n<p>O PT do B n\u00e3o se furtar\u00e1 em exercer sabiamente o papel que lhe cabe na pol\u00edtica de Itapetinga. Entretanto, o grupo pol\u00edtico procurar\u00e1 ouvir todos os pr\u00e9-candidatos lan\u00e7ados pelos partidos de oposi\u00e7\u00e3o ao atual governo municipal, para definir a sua estrat\u00e9gia pol\u00edtica, se entrar\u00e1 em uma coliga\u00e7\u00e3o global, com um partido somente, ou mesmo o lan\u00e7amento da canditadura \u00e0 prefeitura de Itapetinga, convocando o diret\u00f3rio para apreciar todas as delibera\u00e7\u00f5es tratadas nessas reuni\u00f5es.<\/p>\n<p><strong><em>Ascom PT do B<\/em><\/strong><\/p>\n","protected":false},"excerpt":{"rendered":"<p>Dando prosseguimento \u00e0 sua estrat\u00e9gia local e visando as elei\u00e7\u00f5es municipais de 2012, os dirigentes do PT do B de Itapetinga, liderados por seu presidente, o Professor Ramiro Oliveira,visitaram o pr\u00e9-candidato do Democratas, Geraldo Trindade, na noite desta quinta-feira (17). Na oportunidade foi entregue ao pr\u00e9-candidato do DEM uma c\u00f3pia do plano de governo do [&hellip;]<\/p>\n","protected":false},"author":2,"featured_media":0,"comment_status":"open","ping_status":"open","sticky":false,"template":"","format":"standard","meta":{"footnotes":"","_links_to":"","_links_to_target":""},"categories":[1],"tags":[],"class_list":["post-15923","post","type-post","status-publish","format-standard","hentry","category-geral"],"views":1177,"_links":{"self":[{"href":"https:\/\/www.sudoestehoje.com.br\/novoportal\/wp-json\/wp\/v2\/posts\/15923","targetHints":{"allow":["GET"]}}],"collection":[{"href":"https:\/\/www.sudoestehoje.com.br\/novoportal\/wp-json\/wp\/v2\/posts"}],"about":[{"href":"https:\/\/www.sudoestehoje.com.br\/novoportal\/wp-json\/wp\/v2\/types\/post"}],"author":[{"embeddable":true,"href":"https:\/\/www.sudoestehoje.com.br\/novoportal\/wp-json\/wp\/v2\/users\/2"}],"replies":[{"embeddable":true,"href":"https:\/\/www.sudoestehoje.com.br\/novoportal\/wp-json\/wp\/v2\/comments?post=15923"}],"version-history":[{"count":3,"href":"https:\/\/www.sudoestehoje.com.br\/novoportal\/wp-json\/wp\/v2\/posts\/15923\/revisions"}],"predecessor-version":[{"id":15927,"href":"https:\/\/www.sudoestehoje.com.br\/novoportal\/wp-json\/wp\/v2\/posts\/15923\/revisions\/15927"}],"wp:attachment":[{"href":"https:\/\/www.sudoestehoje.com.br\/novoportal\/wp-json\/wp\/v2\/media?parent=15923"}],"wp:term":[{"taxonomy":"category","embeddable":true,"href":"https:\/\/www.sudoestehoje.com.br\/novoportal\/wp-json\/wp\/v2\/categories?post=15923"},{"taxonomy":"post_tag","embeddable":true,"href":"https:\/\/www.sudoestehoje.com.br\/novoportal\/wp-json\/wp\/v2\/tags?post=15923"}],"curies":[{"name":"wp","href":"https:\/\/api.w.org\/{rel}","templated":true}]}}