
{"id":15911,"date":"2012-05-18T22:13:04","date_gmt":"2012-05-19T01:13:04","guid":{"rendered":"http:\/\/www.sudoestehoje.com.br\/novoportal\/?p=15911"},"modified":"2012-05-18T22:13:04","modified_gmt":"2012-05-19T01:13:04","slug":"justica-decreta-prisao-domiciliar-de-marco-prisco","status":"publish","type":"post","link":"https:\/\/www.sudoestehoje.com.br\/novoportal\/2012\/05\/18\/justica-decreta-prisao-domiciliar-de-marco-prisco\/","title":{"rendered":"JUSTI\u00c7A DECRETA PRIS\u00c3O DOMICILIAR DE MARCO PRISCO"},"content":{"rendered":"<p><img decoding=\"async\" class=\"aligncenter\" src=\"http:\/\/www.bahianoticias.com.br\/fotos\/principal_noticias\/116252\/IMAGEM_NOTICIA_5.jpg\" alt=\"Justi\u00e7a decreta pris\u00e3o domiciliar de Marco Prisco\" width=\"400\" \/><\/p>\n<p>A Justi\u00e7a deferiu o pedido de pris\u00e3o domiciliar para o l\u00edder do movimento grevista da Pol\u00edcia Militar da Bahia, Marco Prisco, nesta sexta-feira (18). O Tribunal n\u00e3o revelou o motivo da determina\u00e7\u00e3o, que ser\u00e1 publicada nesta segunda-feira (21) no Di\u00e1rio Oficial. Prisco, no entanto, afirma o mandado foi expedido por \u201cincita\u00e7\u00e3o \u00e0 greve\u201d. \u201cIsso \u00e9 um absurdo. A alega\u00e7\u00e3o do processo diz que eu incitei a tropa. Mas isso n\u00e3o \u00e9 verdade. O processo diz que eu n\u00e3o posso viajar ou visitar os quart\u00e9is, e eu vou continuar visitando, porque eu fa\u00e7o parte do movimento sindical\u201d, afirmou, em entrevista ao Bahia Not\u00edcias. O ex-PM declarou que pretende entrar com um pedido de habeas corpus para anular a decis\u00e3o. BN<\/p>\n","protected":false},"excerpt":{"rendered":"<p>A Justi\u00e7a deferiu o pedido de pris\u00e3o domiciliar para o l\u00edder do movimento grevista da Pol\u00edcia Militar da Bahia, Marco Prisco, nesta sexta-feira (18). O Tribunal n\u00e3o revelou o motivo da determina\u00e7\u00e3o, que ser\u00e1 publicada nesta segunda-feira (21) no Di\u00e1rio Oficial. Prisco, no entanto, afirma o mandado foi expedido por \u201cincita\u00e7\u00e3o \u00e0 greve\u201d. \u201cIsso \u00e9 [&hellip;]<\/p>\n","protected":false},"author":2,"featured_media":0,"comment_status":"open","ping_status":"open","sticky":false,"template":"","format":"standard","meta":{"footnotes":"","_links_to":"","_links_to_target":""},"categories":[1],"tags":[],"class_list":["post-15911","post","type-post","status-publish","format-standard","hentry","category-geral"],"views":1154,"_links":{"self":[{"href":"https:\/\/www.sudoestehoje.com.br\/novoportal\/wp-json\/wp\/v2\/posts\/15911","targetHints":{"allow":["GET"]}}],"collection":[{"href":"https:\/\/www.sudoestehoje.com.br\/novoportal\/wp-json\/wp\/v2\/posts"}],"about":[{"href":"https:\/\/www.sudoestehoje.com.br\/novoportal\/wp-json\/wp\/v2\/types\/post"}],"author":[{"embeddable":true,"href":"https:\/\/www.sudoestehoje.com.br\/novoportal\/wp-json\/wp\/v2\/users\/2"}],"replies":[{"embeddable":true,"href":"https:\/\/www.sudoestehoje.com.br\/novoportal\/wp-json\/wp\/v2\/comments?post=15911"}],"version-history":[{"count":2,"href":"https:\/\/www.sudoestehoje.com.br\/novoportal\/wp-json\/wp\/v2\/posts\/15911\/revisions"}],"predecessor-version":[{"id":15913,"href":"https:\/\/www.sudoestehoje.com.br\/novoportal\/wp-json\/wp\/v2\/posts\/15911\/revisions\/15913"}],"wp:attachment":[{"href":"https:\/\/www.sudoestehoje.com.br\/novoportal\/wp-json\/wp\/v2\/media?parent=15911"}],"wp:term":[{"taxonomy":"category","embeddable":true,"href":"https:\/\/www.sudoestehoje.com.br\/novoportal\/wp-json\/wp\/v2\/categories?post=15911"},{"taxonomy":"post_tag","embeddable":true,"href":"https:\/\/www.sudoestehoje.com.br\/novoportal\/wp-json\/wp\/v2\/tags?post=15911"}],"curies":[{"name":"wp","href":"https:\/\/api.w.org\/{rel}","templated":true}]}}