
{"id":15896,"date":"2012-05-18T23:05:41","date_gmt":"2012-05-19T02:05:41","guid":{"rendered":"http:\/\/www.sudoestehoje.com.br\/novoportal\/?p=15896"},"modified":"2012-05-18T23:05:41","modified_gmt":"2012-05-19T02:05:41","slug":"arnaldo-teixeira-recebe-apoio-de-eleitorado-jovem","status":"publish","type":"post","link":"https:\/\/www.sudoestehoje.com.br\/novoportal\/2012\/05\/18\/arnaldo-teixeira-recebe-apoio-de-eleitorado-jovem\/","title":{"rendered":"ARNALDO TEIXEIRA RECEBE APOIO DE ELEITORADO JOVEM"},"content":{"rendered":"<p><img decoding=\"async\" class=\"aligncenter\" src=\"http:\/\/falaitapetinga.hospedagemdesites.ws\/wp-content\/uploads\/2012\/05\/1-Reuni%C3%A3o-Rua-Wadir-Pires.jpg\" alt=\"\" width=\"400\" \/><\/p>\n<p>ITAPETINGA: A cada novo encontro com o pr\u00e9-candidato a prefeito Dr. Arnaldo Texeira cresce a participa\u00e7\u00e3o da juventude. Foi assim no mega-encontro realizado no s\u00edtio dele na noite de ter\u00e7a-feira passada e tamb\u00e9m nos dois \u00faltimos encontros realizados em casas de fam\u00edlia na Rua Waldir Pires, bairro Clodoaldo Costa, organizado pelo pr\u00e9-candidato a vereador R\u00e9gis do Detran, na quarta-feira (16) \u00e0 noite e na Travessa Macei\u00f3, Nova Itapetinga, na quinta (17) \u00e0 noite, promovido pelo pr\u00e9-candidato a vereador Hebert Orrico, editor do site crist\u00e3o Itapetinga Gospel.<\/p>\n<p><img decoding=\"async\" class=\"aligncenter\" src=\"http:\/\/falaitapetinga.hospedagemdesites.ws\/wp-content\/uploads\/2012\/05\/2-Reuni%C3%A3o-Rua-Wadir-Pires.jpg\" alt=\"\" width=\"400\" \/><\/p>\n<p>A cada novo encontro com o pr\u00e9-candidato a prefeito Dr. Arnaldo Texeira cresce a participa\u00e7\u00e3o da juventude. Foi assim no mega-encontro realizado no s\u00edtio dele na noite de ter\u00e7a-feira passada e tamb\u00e9m nos dois \u00faltimos encontros realizados em casas de fam\u00edlia na Rua Waldir Pires, bairro Clodoaldo Costa, organizado pelo pr\u00e9-candidato a vereador R\u00e9gis do Detran, na quarta-feira (16) \u00e0 noite e na Travessa Macei\u00f3, Nova Itapetinga, na quinta (17) \u00e0 noite, promovido pelo pr\u00e9-candidato a vereador Hebert Orrico, editor do site crist\u00e3o Itapetinga Gospel.<!--more--><\/p>\n<p>Na pauta, o Dr. Arnaldo Texeira apresentou em linhas gerais suas propostas de governo, com destaque para a\u00e7\u00f5es nas \u00e1reas de Sa\u00fade, Seguran\u00e7a P\u00fablica e Educa\u00e7\u00e3o, assuntos mais questionados pelos participantes. \u201cN\u00e3o \u00e9 poss\u00edvel que o prefeito fique de bra\u00e7os cruzados e n\u00e3o busque alternativas locais para melhorar a seguran\u00e7a p\u00fablica e enfrentar a criminalidade\u201d, enfatizou o m\u00e9dico Arnaldo Texeira.<\/p>\n<p>Ele tamb\u00e9m ressaltou a import\u00e2ncia de programas p\u00fablicos principalmente atrav\u00e9s da educa\u00e7\u00e3o, a\u00e7\u00e3o social e gera\u00e7\u00e3o de empregos, com treinamento para isso, como meios de enfrentamento da viol\u00eancia de forma preventiva. \u201cExistem programas federais que podem promover perman\u00eancia de crian\u00e7as e jovens nas escolas em turno integral, com atividades complementares, tirando-as do alcance f\u00e1cil dos criminosos que est\u00e3o a cada dia roubando deles a inf\u00e2ncia e juventude. Sendo eleitos, eu e minha equipe de governo iremos buscar com todas as for\u00e7as por em pr\u00e1tica essas alternativas\u201d, afirmou o pr\u00e9-candidato do PR \u00e0 Prefeitura de Itapetinga.<\/p>\n<p>Na noite desta sexta-feira (18) o pr\u00e9-candidato a prefeito e m\u00e9dico Arnaldo Texeira far\u00e1 palestra sobre uso de drogas e suas conseq\u00fc\u00eancias, na Igreja Cat\u00f3lica da Vila Isabel. No mais, tem dado continuidade \u00e0s conversas com os demais partidos de oposi\u00e7\u00e3o e apoiado as a\u00e7\u00f5es dos vereadores em busca da apura\u00e7\u00e3o das irregularidades que envolvem a administra\u00e7\u00e3o do atual prefeito, que gera um esc\u00e2ndalo atr\u00e1s do outro.<\/p>\n<p><strong><em>Ascom PR<\/em><\/strong><\/p>\n","protected":false},"excerpt":{"rendered":"<p>ITAPETINGA: A cada novo encontro com o pr\u00e9-candidato a prefeito Dr. Arnaldo Texeira cresce a participa\u00e7\u00e3o da juventude. Foi assim no mega-encontro realizado no s\u00edtio dele na noite de ter\u00e7a-feira passada e tamb\u00e9m nos dois \u00faltimos encontros realizados em casas de fam\u00edlia na Rua Waldir Pires, bairro Clodoaldo Costa, organizado pelo pr\u00e9-candidato a vereador R\u00e9gis [&hellip;]<\/p>\n","protected":false},"author":2,"featured_media":0,"comment_status":"open","ping_status":"open","sticky":false,"template":"","format":"standard","meta":{"footnotes":"","_links_to":"","_links_to_target":""},"categories":[1],"tags":[],"class_list":["post-15896","post","type-post","status-publish","format-standard","hentry","category-geral"],"views":1365,"_links":{"self":[{"href":"https:\/\/www.sudoestehoje.com.br\/novoportal\/wp-json\/wp\/v2\/posts\/15896","targetHints":{"allow":["GET"]}}],"collection":[{"href":"https:\/\/www.sudoestehoje.com.br\/novoportal\/wp-json\/wp\/v2\/posts"}],"about":[{"href":"https:\/\/www.sudoestehoje.com.br\/novoportal\/wp-json\/wp\/v2\/types\/post"}],"author":[{"embeddable":true,"href":"https:\/\/www.sudoestehoje.com.br\/novoportal\/wp-json\/wp\/v2\/users\/2"}],"replies":[{"embeddable":true,"href":"https:\/\/www.sudoestehoje.com.br\/novoportal\/wp-json\/wp\/v2\/comments?post=15896"}],"version-history":[{"count":4,"href":"https:\/\/www.sudoestehoje.com.br\/novoportal\/wp-json\/wp\/v2\/posts\/15896\/revisions"}],"predecessor-version":[{"id":15918,"href":"https:\/\/www.sudoestehoje.com.br\/novoportal\/wp-json\/wp\/v2\/posts\/15896\/revisions\/15918"}],"wp:attachment":[{"href":"https:\/\/www.sudoestehoje.com.br\/novoportal\/wp-json\/wp\/v2\/media?parent=15896"}],"wp:term":[{"taxonomy":"category","embeddable":true,"href":"https:\/\/www.sudoestehoje.com.br\/novoportal\/wp-json\/wp\/v2\/categories?post=15896"},{"taxonomy":"post_tag","embeddable":true,"href":"https:\/\/www.sudoestehoje.com.br\/novoportal\/wp-json\/wp\/v2\/tags?post=15896"}],"curies":[{"name":"wp","href":"https:\/\/api.w.org\/{rel}","templated":true}]}}