
{"id":15893,"date":"2012-05-18T18:05:11","date_gmt":"2012-05-18T21:05:11","guid":{"rendered":"http:\/\/www.sudoestehoje.com.br\/novoportal\/?p=15893"},"modified":"2012-05-18T18:05:11","modified_gmt":"2012-05-18T21:05:11","slug":"jaci-bo-e-o-problema-dos-gays","status":"publish","type":"post","link":"https:\/\/www.sudoestehoje.com.br\/novoportal\/2012\/05\/18\/jaci-bo-e-o-problema-dos-gays\/","title":{"rendered":"JACI B\u00d3 E O &#8216;PROBLEMA&#8217; DOS GAYS"},"content":{"rendered":"<p><img decoding=\"async\" class=\"aligncenter\" src=\"http:\/\/www.inclusive.org.br\/wp-content\/uploads\/2010\/07\/casamento-gay.jpg\" alt=\"\" width=\"150\" \/><\/p>\n<p>Luciano Neves representando o movimento LGBT usou a \u2018Tribuna Popular\u2019 da C\u00e2mara de Vereadores, nesta quista-feira, para divulgar o evento marcado esta sexta (18), na Pra\u00e7a Dairy Valley. Ap\u00f3s a fala\u00e7\u00e3o do representante do Movimento Gay, a maioria dos vereadores comentou o discurso de Luciano e reconheceu o movimento como justo e necess\u00e1rio, mas ningu\u00e9m citou o nome do movimento, para n\u00e3o se \u2018comprometer\u2019, e quem estava ouvindo n\u00e3o sabia nem do que se tratava. No p\u00f3lo oposto aos gays, o endiabrado vereador Jaci B\u00f3 lan\u00e7o no ar esta p\u00e9rola: <em>\u201co problema \u00e9 problema particular de cada um e deve ser respeitado\u201d<\/em>. Parece que esqueceram de avisar ao pouco letrado edil que a condi\u00e7\u00e3o de homossexual nunca foi problema e sim uma op\u00e7\u00e3o livre , discriminada por setores da nossa sociedade. Problema mesmo, caro Jaci, \u00e9 pedofilia, corrup\u00e7\u00e3o, viol\u00eancia&#8230;<\/p>\n","protected":false},"excerpt":{"rendered":"<p>Luciano Neves representando o movimento LGBT usou a \u2018Tribuna Popular\u2019 da C\u00e2mara de Vereadores, nesta quista-feira, para divulgar o evento marcado esta sexta (18), na Pra\u00e7a Dairy Valley. Ap\u00f3s a fala\u00e7\u00e3o do representante do Movimento Gay, a maioria dos vereadores comentou o discurso de Luciano e reconheceu o movimento como justo e necess\u00e1rio, mas ningu\u00e9m [&hellip;]<\/p>\n","protected":false},"author":2,"featured_media":0,"comment_status":"open","ping_status":"open","sticky":false,"template":"","format":"standard","meta":{"footnotes":"","_links_to":"","_links_to_target":""},"categories":[11],"tags":[],"class_list":["post-15893","post","type-post","status-publish","format-standard","hentry","category-quentinhas"],"views":1162,"_links":{"self":[{"href":"https:\/\/www.sudoestehoje.com.br\/novoportal\/wp-json\/wp\/v2\/posts\/15893","targetHints":{"allow":["GET"]}}],"collection":[{"href":"https:\/\/www.sudoestehoje.com.br\/novoportal\/wp-json\/wp\/v2\/posts"}],"about":[{"href":"https:\/\/www.sudoestehoje.com.br\/novoportal\/wp-json\/wp\/v2\/types\/post"}],"author":[{"embeddable":true,"href":"https:\/\/www.sudoestehoje.com.br\/novoportal\/wp-json\/wp\/v2\/users\/2"}],"replies":[{"embeddable":true,"href":"https:\/\/www.sudoestehoje.com.br\/novoportal\/wp-json\/wp\/v2\/comments?post=15893"}],"version-history":[{"count":2,"href":"https:\/\/www.sudoestehoje.com.br\/novoportal\/wp-json\/wp\/v2\/posts\/15893\/revisions"}],"predecessor-version":[{"id":15895,"href":"https:\/\/www.sudoestehoje.com.br\/novoportal\/wp-json\/wp\/v2\/posts\/15893\/revisions\/15895"}],"wp:attachment":[{"href":"https:\/\/www.sudoestehoje.com.br\/novoportal\/wp-json\/wp\/v2\/media?parent=15893"}],"wp:term":[{"taxonomy":"category","embeddable":true,"href":"https:\/\/www.sudoestehoje.com.br\/novoportal\/wp-json\/wp\/v2\/categories?post=15893"},{"taxonomy":"post_tag","embeddable":true,"href":"https:\/\/www.sudoestehoje.com.br\/novoportal\/wp-json\/wp\/v2\/tags?post=15893"}],"curies":[{"name":"wp","href":"https:\/\/api.w.org\/{rel}","templated":true}]}}