
{"id":15873,"date":"2012-05-18T00:17:54","date_gmt":"2012-05-18T03:17:54","guid":{"rendered":"http:\/\/www.sudoestehoje.com.br\/novoportal\/?p=15873"},"modified":"2012-05-18T00:18:53","modified_gmt":"2012-05-18T03:18:53","slug":"katia-espinheira-participa-de-reuniao-no-quintas-do-sul","status":"publish","type":"post","link":"https:\/\/www.sudoestehoje.com.br\/novoportal\/2012\/05\/18\/katia-espinheira-participa-de-reuniao-no-quintas-do-sul\/","title":{"rendered":"K\u00c1TIA ESPINHEIRA PARTICIPA DE REUNI\u00c3O NO QUINTAS DO SUL"},"content":{"rendered":"<div id=\"message1720951263\">\n<div id=\"yiv620474039\">\n<div dir=\"ltr\">\n<p>&nbsp;<\/p>\n<p><img decoding=\"async\" class=\"aligncenter\" src=\"http:\/\/www.sudoestehoje.com.br\/novoportal\/wp-content\/uploads\/2012\/05\/quinta+do+sul+4.jpg\" alt=\"\" width=\"400\" \/><\/p>\n<p>&nbsp;<\/p>\n<p>ITAPETINGA: A pr\u00e9-candidata K\u00e1tia Espinheira participou, nesta quarta-feira de uma reuni\u00e3o no Quintas do Sul, no Sitio da Amizade, de propriedade do Sr. Aete. A reuni\u00e3o foi concorrida, com participa\u00e7\u00e3o de v\u00e1rios moradores do bairro, que fizeram varias criticas ao prefeito e cobraram dos candidatos a vereador e da pr\u00e9-candidata a prefeita, caso seja eleita, a realiza\u00e7\u00e3o de infra-estrutura no bairro, incluindo a pavimenta\u00e7\u00e3o das ruas e saneamento b\u00e1sico.<\/p>\n<p style=\"text-align: center;\"><img decoding=\"async\" class=\"aligncenter\" src=\"http:\/\/www.sudoestehoje.com.br\/novoportal\/wp-content\/uploads\/2012\/05\/reuniao+quinta+do+sul+5.jpg\" alt=\"\" width=\"400\" \/><\/p>\n<p>&nbsp;<\/p>\n<p>Mostrando desenvoltura e profundo conhecimento dos problemas da popula\u00e7\u00e3o dos bairros, a experiente K\u00e1tia Espinheira apresentou o seu programa de governo e os projetos para melhorar a qualidade de vida dos moradores do bairro Quintas do Sul, sendo aplaudida por todos os presentes na concorrida reuni\u00e3o.<\/p>\n<p>&nbsp;<\/p>\n<p><img decoding=\"async\" class=\"aligncenter\" src=\"http:\/\/www.sudoestehoje.com.br\/novoportal\/wp-content\/uploads\/2012\/05\/reuniao+quinta+do+sul-500x375.jpg\" alt=\"\" width=\"400\" \/><\/p>\n<p><strong><em>Ascom PMDB<\/em><\/strong><\/p>\n<p><span style=\"font-family: Calibri; font-size: x-small;\"><br \/>\n<\/span><\/p>\n<\/div>\n<\/div>\n<\/div>\n","protected":false},"excerpt":{"rendered":"<p>&nbsp; &nbsp; ITAPETINGA: A pr\u00e9-candidata K\u00e1tia Espinheira participou, nesta quarta-feira de uma reuni\u00e3o no Quintas do Sul, no Sitio da Amizade, de propriedade do Sr. Aete. A reuni\u00e3o foi concorrida, com participa\u00e7\u00e3o de v\u00e1rios moradores do bairro, que fizeram varias criticas ao prefeito e cobraram dos candidatos a vereador e da pr\u00e9-candidata a prefeita, caso [&hellip;]<\/p>\n","protected":false},"author":2,"featured_media":0,"comment_status":"open","ping_status":"open","sticky":false,"template":"","format":"standard","meta":{"footnotes":"","_links_to":"","_links_to_target":""},"categories":[1],"tags":[],"class_list":["post-15873","post","type-post","status-publish","format-standard","hentry","category-geral"],"views":1270,"_links":{"self":[{"href":"https:\/\/www.sudoestehoje.com.br\/novoportal\/wp-json\/wp\/v2\/posts\/15873","targetHints":{"allow":["GET"]}}],"collection":[{"href":"https:\/\/www.sudoestehoje.com.br\/novoportal\/wp-json\/wp\/v2\/posts"}],"about":[{"href":"https:\/\/www.sudoestehoje.com.br\/novoportal\/wp-json\/wp\/v2\/types\/post"}],"author":[{"embeddable":true,"href":"https:\/\/www.sudoestehoje.com.br\/novoportal\/wp-json\/wp\/v2\/users\/2"}],"replies":[{"embeddable":true,"href":"https:\/\/www.sudoestehoje.com.br\/novoportal\/wp-json\/wp\/v2\/comments?post=15873"}],"version-history":[{"count":5,"href":"https:\/\/www.sudoestehoje.com.br\/novoportal\/wp-json\/wp\/v2\/posts\/15873\/revisions"}],"predecessor-version":[{"id":15881,"href":"https:\/\/www.sudoestehoje.com.br\/novoportal\/wp-json\/wp\/v2\/posts\/15873\/revisions\/15881"}],"wp:attachment":[{"href":"https:\/\/www.sudoestehoje.com.br\/novoportal\/wp-json\/wp\/v2\/media?parent=15873"}],"wp:term":[{"taxonomy":"category","embeddable":true,"href":"https:\/\/www.sudoestehoje.com.br\/novoportal\/wp-json\/wp\/v2\/categories?post=15873"},{"taxonomy":"post_tag","embeddable":true,"href":"https:\/\/www.sudoestehoje.com.br\/novoportal\/wp-json\/wp\/v2\/tags?post=15873"}],"curies":[{"name":"wp","href":"https:\/\/api.w.org\/{rel}","templated":true}]}}