
{"id":15826,"date":"2012-05-16T22:18:16","date_gmt":"2012-05-17T01:18:16","guid":{"rendered":"http:\/\/www.sudoestehoje.com.br\/novoportal\/?p=15826"},"modified":"2012-05-16T22:18:16","modified_gmt":"2012-05-17T01:18:16","slug":"funcionarios-da-valedourado-paralisam-novamente-as-atividades","status":"publish","type":"post","link":"https:\/\/www.sudoestehoje.com.br\/novoportal\/2012\/05\/16\/funcionarios-da-valedourado-paralisam-novamente-as-atividades\/","title":{"rendered":"FUNCION\u00c1RIOS DA VALEDOURADO PARALISAM NOVAMENTE AS ATIVIDADES"},"content":{"rendered":"<p><img decoding=\"async\" class=\"aligncenter\" src=\"http:\/\/blogdozeferreira.com.br\/blog\/fotos\/ilpisa%20manf%20fev%202012%202%20small.jpg\" alt=\"\" width=\"400\" \/><\/p>\n<p>&nbsp;<\/p>\n<p>ITAPETINGA: Os funcion\u00e1rios da ILPISA-Ind\u00fastria de Latic\u00ednios Palmeira dos \u00cdndios, grupo que controla a\u00a0 Valedourado\u00a0 em Itapetinga, pararam suas atividades na manh\u00e3 desta quarta \u2013 feira, 16, \u00e0s 6 da manh\u00e3. Segundo o Sindialimenta\u00e7\u00e3o, os sal\u00e1rios est\u00e3o atrasados, plano de sa\u00fade cancelado e o ticket alimenta\u00e7\u00e3o suspenso. H\u00e1 muito tempo que os funcion\u00e1rios enfrentam esse tipo de problema e em fevereiro deste ano chegaram a paralisar alertando a empresa para para o atraso de sal\u00e1rios e pagamento dos fornecedores.<\/p>\n<p>A f\u00e1brica que gerava mais de 200 empregos conta hoje com apenas 160, apesar de ser uma referencia no Nordeste, sendo cortejada por grandes empresas do setor, tem deixado a desejar tanto para com os colaboradores e fornecedores que n\u00e3o recebem pagamento h\u00e1 cerca de quatro meses.<\/p>\n<p>Na manh\u00e3 desta quarta foi realizada uma Assembl\u00e9ia entre os funcion\u00e1rios\u00a0 com indicativo de greve, caso a empresa n\u00e3o deposite os sal\u00e1rios at\u00e9 o meio dia desta quarta ir\u00e3o entrar em greve a partir da pr\u00f3xima segunda. A Empresa n\u00e3o se manifestou sobre a crise.<\/p>\n<p>Com informa\u00e7\u00f5es do<em> Itapetinga News<\/em><\/p>\n","protected":false},"excerpt":{"rendered":"<p>&nbsp; ITAPETINGA: Os funcion\u00e1rios da ILPISA-Ind\u00fastria de Latic\u00ednios Palmeira dos \u00cdndios, grupo que controla a\u00a0 Valedourado\u00a0 em Itapetinga, pararam suas atividades na manh\u00e3 desta quarta \u2013 feira, 16, \u00e0s 6 da manh\u00e3. Segundo o Sindialimenta\u00e7\u00e3o, os sal\u00e1rios est\u00e3o atrasados, plano de sa\u00fade cancelado e o ticket alimenta\u00e7\u00e3o suspenso. H\u00e1 muito tempo que os funcion\u00e1rios enfrentam [&hellip;]<\/p>\n","protected":false},"author":2,"featured_media":0,"comment_status":"open","ping_status":"open","sticky":false,"template":"","format":"standard","meta":{"footnotes":"","_links_to":"","_links_to_target":""},"categories":[1],"tags":[],"class_list":["post-15826","post","type-post","status-publish","format-standard","hentry","category-geral"],"views":1804,"_links":{"self":[{"href":"https:\/\/www.sudoestehoje.com.br\/novoportal\/wp-json\/wp\/v2\/posts\/15826","targetHints":{"allow":["GET"]}}],"collection":[{"href":"https:\/\/www.sudoestehoje.com.br\/novoportal\/wp-json\/wp\/v2\/posts"}],"about":[{"href":"https:\/\/www.sudoestehoje.com.br\/novoportal\/wp-json\/wp\/v2\/types\/post"}],"author":[{"embeddable":true,"href":"https:\/\/www.sudoestehoje.com.br\/novoportal\/wp-json\/wp\/v2\/users\/2"}],"replies":[{"embeddable":true,"href":"https:\/\/www.sudoestehoje.com.br\/novoportal\/wp-json\/wp\/v2\/comments?post=15826"}],"version-history":[{"count":2,"href":"https:\/\/www.sudoestehoje.com.br\/novoportal\/wp-json\/wp\/v2\/posts\/15826\/revisions"}],"predecessor-version":[{"id":15828,"href":"https:\/\/www.sudoestehoje.com.br\/novoportal\/wp-json\/wp\/v2\/posts\/15826\/revisions\/15828"}],"wp:attachment":[{"href":"https:\/\/www.sudoestehoje.com.br\/novoportal\/wp-json\/wp\/v2\/media?parent=15826"}],"wp:term":[{"taxonomy":"category","embeddable":true,"href":"https:\/\/www.sudoestehoje.com.br\/novoportal\/wp-json\/wp\/v2\/categories?post=15826"},{"taxonomy":"post_tag","embeddable":true,"href":"https:\/\/www.sudoestehoje.com.br\/novoportal\/wp-json\/wp\/v2\/tags?post=15826"}],"curies":[{"name":"wp","href":"https:\/\/api.w.org\/{rel}","templated":true}]}}