
{"id":1580,"date":"2010-10-30T19:17:55","date_gmt":"2010-10-30T22:17:55","guid":{"rendered":"http:\/\/www.sudoestehoje.com.br\/novoportal\/?p=1580"},"modified":"2010-10-30T20:08:12","modified_gmt":"2010-10-30T23:08:12","slug":"dem-x-pt","status":"publish","type":"post","link":"https:\/\/www.sudoestehoje.com.br\/novoportal\/2010\/10\/30\/dem-x-pt\/","title":{"rendered":"DEM X PT"},"content":{"rendered":"<p style=\"text-align: center;\"><a href=\"http:\/\/www.google.com.br\/imgres?imgurl=http:\/\/sudoestehoje.com.br\/web\/images\/stories\/demo2.jpg&amp;imgrefurl=http:\/\/w.jesus.zip.net\/&amp;usg=__CM2ZdS8V9NKY2VlPLoOO75J7YMw=&amp;h=768&amp;w=1024&amp;sz=171&amp;hl=pt-br&amp;start=17&amp;zoom=1&amp;um=1&amp;itbs=1&amp;tbnid=HnTvvCj9EkbKcM:&amp;tbnh=113&amp;tbnw=150&amp;prev=\/images%3Fq%3Dbandeira%25C3%25A7o%2Bserra%2B45%26um%3D1%26hl%3Dpt-br%26sa%3DG%26rlz%3D1R2SKPB_pt-BRBR354%26tbs%3Disch:1\"><img loading=\"lazy\" decoding=\"async\" class=\"aligncenter\" src=\"http:\/\/t3.gstatic.com\/images?q=tbn:HnTvvCj9EkbKcM:http:\/\/sudoestehoje.com.br\/web\/images\/stories\/demo2.jpg\" alt=\"\" width=\"150\" height=\"113\" \/><\/a><\/p>\n<p>Neste \u00faltimo dia da campanha eleitoral, a disputa entre militantes\u00a0 do DEM e do PT foi quente em Itapetinga. Pela manh\u00e3, no centro da cidade, democratas e petistas quase foram \u00e0s vias de fato, na disputa por espa\u00e7o na Pra\u00e7a Augusto de Carvalho. Os democratas chegaram primeiro e faziam um &#8216;bandeira\u00e7o&#8217; pac\u00edfico pr\u00f3 Serra, quando apareceu o grupo do prefeito, liderado pelo pr\u00f3prio e pela primeira dama, querendo ocupar\u00a0o mesmo espa\u00e7o, que acham ser deles. Deu &#8216;arranca-rabo&#8217;, com disputa de carros de som do DEM contra um mini-trio pago pela\u00a0prefeitura, cujo som incomodou o pessoal da Igreja Batista, que teve que pedir\u00a0ao PT para baixar o volume. Para surpresa de todos, o motorista do trio era o pr\u00f3prio secret\u00e1rio\/irm\u00e3o, Zen\u00f3bio Moura. S\u00f3 faltou Uldurico Pinto com as promiss\u00f3rias&#8230;<\/p>\n","protected":false},"excerpt":{"rendered":"<p>Neste \u00faltimo dia da campanha eleitoral, a disputa entre militantes\u00a0 do DEM e do PT foi quente em Itapetinga. Pela manh\u00e3, no centro da cidade, democratas e petistas quase foram \u00e0s vias de fato, na disputa por espa\u00e7o na Pra\u00e7a Augusto de Carvalho. Os democratas chegaram primeiro e faziam um &#8216;bandeira\u00e7o&#8217; pac\u00edfico pr\u00f3 Serra, quando [&hellip;]<\/p>\n","protected":false},"author":2,"featured_media":0,"comment_status":"open","ping_status":"open","sticky":false,"template":"","format":"standard","meta":{"footnotes":"","_links_to":"","_links_to_target":""},"categories":[1,11],"tags":[],"class_list":["post-1580","post","type-post","status-publish","format-standard","hentry","category-geral","category-quentinhas"],"views":194,"_links":{"self":[{"href":"https:\/\/www.sudoestehoje.com.br\/novoportal\/wp-json\/wp\/v2\/posts\/1580","targetHints":{"allow":["GET"]}}],"collection":[{"href":"https:\/\/www.sudoestehoje.com.br\/novoportal\/wp-json\/wp\/v2\/posts"}],"about":[{"href":"https:\/\/www.sudoestehoje.com.br\/novoportal\/wp-json\/wp\/v2\/types\/post"}],"author":[{"embeddable":true,"href":"https:\/\/www.sudoestehoje.com.br\/novoportal\/wp-json\/wp\/v2\/users\/2"}],"replies":[{"embeddable":true,"href":"https:\/\/www.sudoestehoje.com.br\/novoportal\/wp-json\/wp\/v2\/comments?post=1580"}],"version-history":[{"count":5,"href":"https:\/\/www.sudoestehoje.com.br\/novoportal\/wp-json\/wp\/v2\/posts\/1580\/revisions"}],"predecessor-version":[{"id":1583,"href":"https:\/\/www.sudoestehoje.com.br\/novoportal\/wp-json\/wp\/v2\/posts\/1580\/revisions\/1583"}],"wp:attachment":[{"href":"https:\/\/www.sudoestehoje.com.br\/novoportal\/wp-json\/wp\/v2\/media?parent=1580"}],"wp:term":[{"taxonomy":"category","embeddable":true,"href":"https:\/\/www.sudoestehoje.com.br\/novoportal\/wp-json\/wp\/v2\/categories?post=1580"},{"taxonomy":"post_tag","embeddable":true,"href":"https:\/\/www.sudoestehoje.com.br\/novoportal\/wp-json\/wp\/v2\/tags?post=1580"}],"curies":[{"name":"wp","href":"https:\/\/api.w.org\/{rel}","templated":true}]}}