
{"id":15795,"date":"2012-05-16T22:50:46","date_gmt":"2012-05-17T01:50:46","guid":{"rendered":"http:\/\/www.sudoestehoje.com.br\/novoportal\/?p=15795"},"modified":"2012-05-16T22:57:17","modified_gmt":"2012-05-17T01:57:17","slug":"geraldo-trindade-e-o-primeiro-a-utilizar-a-nova-lei-de-acesso-a-informacao-no-estado-da-bahia","status":"publish","type":"post","link":"https:\/\/www.sudoestehoje.com.br\/novoportal\/2012\/05\/16\/geraldo-trindade-e-o-primeiro-a-utilizar-a-nova-lei-de-acesso-a-informacao-no-estado-da-bahia\/","title":{"rendered":"GERALDO TRINDADE \u00c9 O PRIMEIRO A UTILIZAR A NOVA LEI DE ACESSO \u00c0 INFORMA\u00c7\u00c3O NO ESTADO DA BAHIA"},"content":{"rendered":"<div id=\"attachment_15798\" style=\"width: 410px\" class=\"wp-caption aligncenter\"><a href=\"http:\/\/www.sudoestehoje.com.br\/novoportal\/wp-content\/uploads\/2012\/05\/Nova-foto-geraldo.jpg\"><img decoding=\"async\" aria-describedby=\"caption-attachment-15798\" class=\" wp-image-15798 \" title=\"Nova foto geraldo\" src=\"http:\/\/www.sudoestehoje.com.br\/novoportal\/wp-content\/uploads\/2012\/05\/Nova-foto-geraldo-500x369.jpg\" alt=\"\" width=\"400\" srcset=\"https:\/\/www.sudoestehoje.com.br\/novoportal\/wp-content\/uploads\/2012\/05\/Nova-foto-geraldo-500x369.jpg 500w, https:\/\/www.sudoestehoje.com.br\/novoportal\/wp-content\/uploads\/2012\/05\/Nova-foto-geraldo.jpg 756w\" sizes=\"(max-width: 500px) 100vw, 500px\" \/><\/a><p id=\"caption-attachment-15798\" class=\"wp-caption-text\">Geraldo Trindade inaugura a nova Lei de Acesso \u00e0 Informa\u00e7\u00e3o, sancionada pela presidente Dilma Rousseff, e espera que o prefeito disponibilize a documenta\u00e7\u00e3o solicitada no prazo legal.<\/p><\/div>\n<p>ITAPETINGA: Nesta quarta-feira, passou a vigorar em todo o pa\u00eds a Lei 12.527, de 18 de novembro de 2011, conhecida como <strong>Lei de Acesso \u00e0 Informa\u00e7\u00e3o<\/strong>, que objetiva facilitar o acesso dos cidad\u00e3os \u00e0s informa\u00e7\u00f5es necess\u00e1rias ao acompanhamento e fiscaliza\u00e7\u00e3o da utiliza\u00e7\u00e3o dos recursos p\u00fablicos, principalmente no caso de cidades como Itapetinga cujos vereadores, com poucas exce\u00e7\u00f5es, n\u00e3o cumprem o seu papel fiscalizador, sendo totalmente omissos e coniventes com os desvios cometidos pelo prefeito e sua equipe.<\/p>\n<p>Mostrando que \u00e9 profundo conhecedor da legisla\u00e7\u00e3o e est\u00e1 antenado com os acontecimentos que podem beneficiar a popula\u00e7\u00e3o, Geraldo Trindade, pr\u00e9-candidato a prefeito pelo DEM, protocolou na Prefeitura de Itapetinga, poucas horas ap\u00f3s a entrada em vigor da nova Lei, of\u00edcio onde dispara uma s\u00e9rie de vinte e tr\u00eas solicita\u00e7\u00f5es de documentos, esclarecimentos e acesso \u00e0 informa\u00e7\u00f5es, dirigido ao prefeito Jos\u00e9 Carlos Moura, que passa a ter o prazo de vinte dias, prorrog\u00e1veis por mais dez, para se pronunciar. Na mesma hora Geraldo tamb\u00e9m cientificou o Minist\u00e9rio P\u00fablico, deixando-o de sobreaviso caso o descansado prefeito venha a descumprir o prazo legal.<\/p>\n<p>Com certeza esse \u00e9 um dos caminhos a ser percorrido por todos aqueles que t\u00eam compromisso com a nossa querida e maltratada Itapetinga. Esperemos que todos os outros pr\u00e9-candidatos usem esse exemplo, pois precisamos sair do discurso \u00e0 pr\u00e1tica. O tempo urge.<\/p>\n<p>Clique nos links e leia na \u00edntegra os of\u00edcios encaminhados ao prefeito e ao MP.<\/p>\n<p><a href=\"http:\/\/www.sudoestehoje.com.br\/novoportal\/wp-content\/uploads\/2012\/05\/oficio-prefeito-mun-maio-2012.doc\">oficio prefeito mun maio 2012<\/a><\/p>\n<p><a href=\"http:\/\/www.sudoestehoje.com.br\/novoportal\/wp-content\/uploads\/2012\/05\/oficio-Promotoria-Itapetinga-maio-2012.doc\">oficio Promotoria Itapetinga maio 2012<\/a><\/p>\n<p><strong><em>Da Reda\u00e7\u00e3o<\/em><\/strong><\/p>\n","protected":false},"excerpt":{"rendered":"<p>ITAPETINGA: Nesta quarta-feira, passou a vigorar em todo o pa\u00eds a Lei 12.527, de 18 de novembro de 2011, conhecida como Lei de Acesso \u00e0 Informa\u00e7\u00e3o, que objetiva facilitar o acesso dos cidad\u00e3os \u00e0s informa\u00e7\u00f5es necess\u00e1rias ao acompanhamento e fiscaliza\u00e7\u00e3o da utiliza\u00e7\u00e3o dos recursos p\u00fablicos, principalmente no caso de cidades como Itapetinga cujos vereadores, com [&hellip;]<\/p>\n","protected":false},"author":2,"featured_media":0,"comment_status":"open","ping_status":"open","sticky":false,"template":"","format":"standard","meta":{"footnotes":"","_links_to":"","_links_to_target":""},"categories":[1],"tags":[],"class_list":["post-15795","post","type-post","status-publish","format-standard","hentry","category-geral"],"views":1309,"_links":{"self":[{"href":"https:\/\/www.sudoestehoje.com.br\/novoportal\/wp-json\/wp\/v2\/posts\/15795","targetHints":{"allow":["GET"]}}],"collection":[{"href":"https:\/\/www.sudoestehoje.com.br\/novoportal\/wp-json\/wp\/v2\/posts"}],"about":[{"href":"https:\/\/www.sudoestehoje.com.br\/novoportal\/wp-json\/wp\/v2\/types\/post"}],"author":[{"embeddable":true,"href":"https:\/\/www.sudoestehoje.com.br\/novoportal\/wp-json\/wp\/v2\/users\/2"}],"replies":[{"embeddable":true,"href":"https:\/\/www.sudoestehoje.com.br\/novoportal\/wp-json\/wp\/v2\/comments?post=15795"}],"version-history":[{"count":5,"href":"https:\/\/www.sudoestehoje.com.br\/novoportal\/wp-json\/wp\/v2\/posts\/15795\/revisions"}],"predecessor-version":[{"id":15830,"href":"https:\/\/www.sudoestehoje.com.br\/novoportal\/wp-json\/wp\/v2\/posts\/15795\/revisions\/15830"}],"wp:attachment":[{"href":"https:\/\/www.sudoestehoje.com.br\/novoportal\/wp-json\/wp\/v2\/media?parent=15795"}],"wp:term":[{"taxonomy":"category","embeddable":true,"href":"https:\/\/www.sudoestehoje.com.br\/novoportal\/wp-json\/wp\/v2\/categories?post=15795"},{"taxonomy":"post_tag","embeddable":true,"href":"https:\/\/www.sudoestehoje.com.br\/novoportal\/wp-json\/wp\/v2\/tags?post=15795"}],"curies":[{"name":"wp","href":"https:\/\/api.w.org\/{rel}","templated":true}]}}