
{"id":15784,"date":"2012-05-16T00:05:46","date_gmt":"2012-05-16T03:05:46","guid":{"rendered":"http:\/\/www.sudoestehoje.com.br\/novoportal\/?p=15784"},"modified":"2012-05-16T00:05:46","modified_gmt":"2012-05-16T03:05:46","slug":"falece-aos-54-anos-o-servidor-municipal-manoel-almeida","status":"publish","type":"post","link":"https:\/\/www.sudoestehoje.com.br\/novoportal\/2012\/05\/16\/falece-aos-54-anos-o-servidor-municipal-manoel-almeida\/","title":{"rendered":"FALECE, AOS 54 ANOS, O SERVIDOR MUNICIPAL MANOEL ALMEIDA"},"content":{"rendered":"<p><img decoding=\"async\" class=\"aligncenter\" src=\"http:\/\/2.bp.blogspot.com\/-dptNaujaKkU\/T7JB-obwcTI\/AAAAAAAATAE\/Jo5ecEvI_Gg\/s1600\/manoel.JPG\" alt=\"http:\/\/2.bp.blogspot.com\/-dptNaujaKkU\/T7JB-obwcTI\/AAAAAAAATAE\/Jo5ecEvI_Gg\/s1600\/manoel.JPG\" \/><\/p>\n<p>ITAPETINGA: V\u00edtima de um infarto fulminante, faleceu nas primeiras horas desta ter\u00e7a-feira (15) o funcion\u00e1rio p\u00fablico municipal, Manoel Almeida da Silva, de 54 anos, que trabalhava no Col\u00e9gio Jos\u00e9 Marcos Gusm\u00e3o, apesar de ser lotado no Departamento Pessoal da prefeitura, que chegou a chefiar na \u00faltima gest\u00e3o do ex-prefeito Michel Hagge.\u00a0Manoel era morador do bairro Primavera e deixou esposa e um casal de filhos.\u00a0O sepultamento aconteceu as 17 h no Cemit\u00e9rio Jardim da Saudade e foi acompanhado de colegas e professores da rede municipal.<\/p>\n<p><strong><em>Blog do Z\u00e9 Ferreira<\/em><\/strong><\/p>\n","protected":false},"excerpt":{"rendered":"<p>ITAPETINGA: V\u00edtima de um infarto fulminante, faleceu nas primeiras horas desta ter\u00e7a-feira (15) o funcion\u00e1rio p\u00fablico municipal, Manoel Almeida da Silva, de 54 anos, que trabalhava no Col\u00e9gio Jos\u00e9 Marcos Gusm\u00e3o, apesar de ser lotado no Departamento Pessoal da prefeitura, que chegou a chefiar na \u00faltima gest\u00e3o do ex-prefeito Michel Hagge.\u00a0Manoel era morador do bairro [&hellip;]<\/p>\n","protected":false},"author":2,"featured_media":0,"comment_status":"open","ping_status":"open","sticky":false,"template":"","format":"standard","meta":{"footnotes":"","_links_to":"","_links_to_target":""},"categories":[1],"tags":[],"class_list":["post-15784","post","type-post","status-publish","format-standard","hentry","category-geral"],"views":1240,"_links":{"self":[{"href":"https:\/\/www.sudoestehoje.com.br\/novoportal\/wp-json\/wp\/v2\/posts\/15784","targetHints":{"allow":["GET"]}}],"collection":[{"href":"https:\/\/www.sudoestehoje.com.br\/novoportal\/wp-json\/wp\/v2\/posts"}],"about":[{"href":"https:\/\/www.sudoestehoje.com.br\/novoportal\/wp-json\/wp\/v2\/types\/post"}],"author":[{"embeddable":true,"href":"https:\/\/www.sudoestehoje.com.br\/novoportal\/wp-json\/wp\/v2\/users\/2"}],"replies":[{"embeddable":true,"href":"https:\/\/www.sudoestehoje.com.br\/novoportal\/wp-json\/wp\/v2\/comments?post=15784"}],"version-history":[{"count":3,"href":"https:\/\/www.sudoestehoje.com.br\/novoportal\/wp-json\/wp\/v2\/posts\/15784\/revisions"}],"predecessor-version":[{"id":15787,"href":"https:\/\/www.sudoestehoje.com.br\/novoportal\/wp-json\/wp\/v2\/posts\/15784\/revisions\/15787"}],"wp:attachment":[{"href":"https:\/\/www.sudoestehoje.com.br\/novoportal\/wp-json\/wp\/v2\/media?parent=15784"}],"wp:term":[{"taxonomy":"category","embeddable":true,"href":"https:\/\/www.sudoestehoje.com.br\/novoportal\/wp-json\/wp\/v2\/categories?post=15784"},{"taxonomy":"post_tag","embeddable":true,"href":"https:\/\/www.sudoestehoje.com.br\/novoportal\/wp-json\/wp\/v2\/tags?post=15784"}],"curies":[{"name":"wp","href":"https:\/\/api.w.org\/{rel}","templated":true}]}}