
{"id":15776,"date":"2012-05-15T22:30:57","date_gmt":"2012-05-16T01:30:57","guid":{"rendered":"http:\/\/www.sudoestehoje.com.br\/novoportal\/?p=15776"},"modified":"2012-05-15T22:30:57","modified_gmt":"2012-05-16T01:30:57","slug":"ptdob-lutara-pela-uniao-das-oposicoes-afirma-ramiro","status":"publish","type":"post","link":"https:\/\/www.sudoestehoje.com.br\/novoportal\/2012\/05\/15\/ptdob-lutara-pela-uniao-das-oposicoes-afirma-ramiro\/","title":{"rendered":"&#8220;PTdoB LUTAR\u00c1 PELA UNI\u00c3O DAS OPOSI\u00c7\u00d5ES&#8221;, AFIRMA RAMIRO"},"content":{"rendered":"<p><img decoding=\"async\" class=\"alignleft\" src=\"http:\/\/3.bp.blogspot.com\/-lLV5Xy0x6FA\/T4VdOX7ylnI\/AAAAAAAAKbs\/l21IaPCr7N4\/s1600\/c04230808.jpg\" alt=\"\" width=\"230\" \/>Itapetinga est\u00e1 passando por uma fase dif\u00edcil que a est\u00e1 levando bancarrota. Empresas fechando e demiss\u00f5es acontecendo mediante a omiss\u00e3o do poder executivo. \u00c9 necess\u00e1rio que a sociedade, ou quem de direito a represente, tomar medidas necess\u00e1rias para evitar que o munic\u00edpio entre em recess\u00e3o e cause mais preju\u00edzos a todos.<\/p>\n<p>Nesse momento pr\u00e9-eleitoral, estamos vendo alguns pr\u00e9-candidatos discutindo com a sociedade os planos de governo para tirar Itapetinga da situa\u00e7\u00e3o lament\u00e1vel em que se encontra e de outro lado vemos e ouvimos a luta interna no PT para tentar manter-se no poder, em vez de tentar reverter essa situa\u00e7\u00e3o ca\u00f3tica que se encontra o munic\u00edpio.<\/p>\n<p>O professor Ramiro Oliveira juntamente com os membros do PT do B, ainda n\u00e3o foram \u00e0s casas discutir sobre a nossa proposta de governo, porque, primeiramente, queremos discutir com os pr\u00e9-candidatos sobre um plano global de governo para Itapetinga e tentar unir as oposi\u00e7\u00f5es em torno de um nome, mas se isso for imposs\u00edvel, o PT do B n\u00e3o se furtar\u00e1 de lan\u00e7ar a candidatura do professor Ramiro Oliveira.<\/p>\n<p>O PT do B possui um plano de governo de curto, m\u00e9dio e longo prazo para implantar em Itapetinga um desenvolvimento sustentado, sendo uma das principais metas: criar condi\u00e7\u00f5es para que os menos favorecidos vivam com dignidade e tamb\u00e9m fazer com que a economia do munic\u00edpio deixe de ser ref\u00e9m da Vulcabras\/Azaleia.<\/p>\n<p>N\u00f3s do PT do B sempre fomos oposi\u00e7\u00e3o a atual administra\u00e7\u00e3o e nestas elei\u00e7\u00f5es marcharemos juntos com as oposi\u00e7\u00f5es ou, ent\u00e3o, marcharemos sozinhos como em 2008.<br \/>\n<strong><em>Ascom: PT do B<\/em><\/strong><\/p>\n<p>&nbsp;<\/p>\n","protected":false},"excerpt":{"rendered":"<p>Itapetinga est\u00e1 passando por uma fase dif\u00edcil que a est\u00e1 levando bancarrota. Empresas fechando e demiss\u00f5es acontecendo mediante a omiss\u00e3o do poder executivo. \u00c9 necess\u00e1rio que a sociedade, ou quem de direito a represente, tomar medidas necess\u00e1rias para evitar que o munic\u00edpio entre em recess\u00e3o e cause mais preju\u00edzos a todos. Nesse momento pr\u00e9-eleitoral, estamos [&hellip;]<\/p>\n","protected":false},"author":2,"featured_media":0,"comment_status":"open","ping_status":"open","sticky":false,"template":"","format":"standard","meta":{"footnotes":"","_links_to":"","_links_to_target":""},"categories":[1],"tags":[],"class_list":["post-15776","post","type-post","status-publish","format-standard","hentry","category-geral"],"views":1232,"_links":{"self":[{"href":"https:\/\/www.sudoestehoje.com.br\/novoportal\/wp-json\/wp\/v2\/posts\/15776","targetHints":{"allow":["GET"]}}],"collection":[{"href":"https:\/\/www.sudoestehoje.com.br\/novoportal\/wp-json\/wp\/v2\/posts"}],"about":[{"href":"https:\/\/www.sudoestehoje.com.br\/novoportal\/wp-json\/wp\/v2\/types\/post"}],"author":[{"embeddable":true,"href":"https:\/\/www.sudoestehoje.com.br\/novoportal\/wp-json\/wp\/v2\/users\/2"}],"replies":[{"embeddable":true,"href":"https:\/\/www.sudoestehoje.com.br\/novoportal\/wp-json\/wp\/v2\/comments?post=15776"}],"version-history":[{"count":4,"href":"https:\/\/www.sudoestehoje.com.br\/novoportal\/wp-json\/wp\/v2\/posts\/15776\/revisions"}],"predecessor-version":[{"id":15780,"href":"https:\/\/www.sudoestehoje.com.br\/novoportal\/wp-json\/wp\/v2\/posts\/15776\/revisions\/15780"}],"wp:attachment":[{"href":"https:\/\/www.sudoestehoje.com.br\/novoportal\/wp-json\/wp\/v2\/media?parent=15776"}],"wp:term":[{"taxonomy":"category","embeddable":true,"href":"https:\/\/www.sudoestehoje.com.br\/novoportal\/wp-json\/wp\/v2\/categories?post=15776"},{"taxonomy":"post_tag","embeddable":true,"href":"https:\/\/www.sudoestehoje.com.br\/novoportal\/wp-json\/wp\/v2\/tags?post=15776"}],"curies":[{"name":"wp","href":"https:\/\/api.w.org\/{rel}","templated":true}]}}