
{"id":15765,"date":"2012-05-15T21:40:38","date_gmt":"2012-05-16T00:40:38","guid":{"rendered":"http:\/\/www.sudoestehoje.com.br\/novoportal\/?p=15765"},"modified":"2012-05-15T21:40:38","modified_gmt":"2012-05-16T00:40:38","slug":"justica-cancela-micareta-de-ubata","status":"publish","type":"post","link":"https:\/\/www.sudoestehoje.com.br\/novoportal\/2012\/05\/15\/justica-cancela-micareta-de-ubata\/","title":{"rendered":"JUSTI\u00c7A CANCELA MICARETA DE UBAT\u00c3"},"content":{"rendered":"<p><img decoding=\"async\" class=\"aligncenter\" src=\"http:\/\/www.bahianoticias.com.br\/fotos\/principal_noticias\/116072\/IMAGEM_NOTICIA_5.jpg\" alt=\"Justi\u00e7a cancela micareta de Ubat\u00e3\" \/><\/p>\n<p style=\"text-align: center;\"><em>Prefeitura atrasa sal\u00e1rios \u00a0dos servidores e quer &#8216;torrar&#8217; dinheiro em festa<\/em><\/p>\n<p>&nbsp;<\/p>\n<p>UBAT\u00c3: Quem se programou para ir atr\u00e1s do trio el\u00e9trico neste final de semana, na micareta de Ubat\u00e3, ter\u00e1 que procurar outra cidade. O juiz titular da comarca do munic\u00edpio do sul baiano, Carlos Ant\u00f4nio Maldonado Bertacco, acatou, nesta ter\u00e7a- feira (15), uma a\u00e7\u00e3o\u00a0 impetrada pelo Minist\u00e9rio P\u00fablico da Bahia (MP-BA) e cancelou a festa, que custaria aos cofres p\u00fablicos quase R$ 700 mil. No processo, o promotor de Justi\u00e7a de Ubat\u00e3, Iury Lopes de Melo, alega que antes de torrar dinheiro p\u00fablico com festejos, a administra\u00e7\u00e3o municipal deve regularizar o pagamento de d\u00e9bitos com a Coelba e a Embasa, al\u00e9m de promover melhorias, atualmente necess\u00e1rias, no hospital p\u00fablico local, bem como quitar os sal\u00e1rios atrasados de servidores contratados. \u00c0 decis\u00e3o cabe recurso. De acordo com o site Ubat\u00e3 Not\u00edcias, o prefeito Edson Neves (PSD) j\u00e1 tinha autorizado a montagem de camarotes, stands, banheiros qu\u00edmicos e toda a estrutura do carnaval fora de \u00e9poca no centro da cidade. BN<\/p>\n","protected":false},"excerpt":{"rendered":"<p>Prefeitura atrasa sal\u00e1rios \u00a0dos servidores e quer &#8216;torrar&#8217; dinheiro em festa &nbsp; UBAT\u00c3: Quem se programou para ir atr\u00e1s do trio el\u00e9trico neste final de semana, na micareta de Ubat\u00e3, ter\u00e1 que procurar outra cidade. O juiz titular da comarca do munic\u00edpio do sul baiano, Carlos Ant\u00f4nio Maldonado Bertacco, acatou, nesta ter\u00e7a- feira (15), uma [&hellip;]<\/p>\n","protected":false},"author":2,"featured_media":0,"comment_status":"open","ping_status":"open","sticky":false,"template":"","format":"standard","meta":{"footnotes":"","_links_to":"","_links_to_target":""},"categories":[1],"tags":[],"class_list":["post-15765","post","type-post","status-publish","format-standard","hentry","category-geral"],"views":1250,"_links":{"self":[{"href":"https:\/\/www.sudoestehoje.com.br\/novoportal\/wp-json\/wp\/v2\/posts\/15765","targetHints":{"allow":["GET"]}}],"collection":[{"href":"https:\/\/www.sudoestehoje.com.br\/novoportal\/wp-json\/wp\/v2\/posts"}],"about":[{"href":"https:\/\/www.sudoestehoje.com.br\/novoportal\/wp-json\/wp\/v2\/types\/post"}],"author":[{"embeddable":true,"href":"https:\/\/www.sudoestehoje.com.br\/novoportal\/wp-json\/wp\/v2\/users\/2"}],"replies":[{"embeddable":true,"href":"https:\/\/www.sudoestehoje.com.br\/novoportal\/wp-json\/wp\/v2\/comments?post=15765"}],"version-history":[{"count":2,"href":"https:\/\/www.sudoestehoje.com.br\/novoportal\/wp-json\/wp\/v2\/posts\/15765\/revisions"}],"predecessor-version":[{"id":15767,"href":"https:\/\/www.sudoestehoje.com.br\/novoportal\/wp-json\/wp\/v2\/posts\/15765\/revisions\/15767"}],"wp:attachment":[{"href":"https:\/\/www.sudoestehoje.com.br\/novoportal\/wp-json\/wp\/v2\/media?parent=15765"}],"wp:term":[{"taxonomy":"category","embeddable":true,"href":"https:\/\/www.sudoestehoje.com.br\/novoportal\/wp-json\/wp\/v2\/categories?post=15765"},{"taxonomy":"post_tag","embeddable":true,"href":"https:\/\/www.sudoestehoje.com.br\/novoportal\/wp-json\/wp\/v2\/tags?post=15765"}],"curies":[{"name":"wp","href":"https:\/\/api.w.org\/{rel}","templated":true}]}}