
{"id":15687,"date":"2012-05-14T00:04:55","date_gmt":"2012-05-14T03:04:55","guid":{"rendered":"http:\/\/www.sudoestehoje.com.br\/novoportal\/?p=15687"},"modified":"2012-05-14T00:10:29","modified_gmt":"2012-05-14T03:10:29","slug":"eleicoes-2012-miraldo-mota-afirma-que-a-sociedade-quer-um-novo-conceito-na-gestao-publica","status":"publish","type":"post","link":"https:\/\/www.sudoestehoje.com.br\/novoportal\/2012\/05\/14\/eleicoes-2012-miraldo-mota-afirma-que-a-sociedade-quer-um-novo-conceito-na-gestao-publica\/","title":{"rendered":"ELEI\u00c7\u00d5ES 2012: MIRALDO MOTA AFIRMA QUE A SOCIEDADE QUER UM NOVO CONCEITO NA GEST\u00c3O P\u00daBLICA"},"content":{"rendered":"<div id=\"attachment_15690\" style=\"width: 410px\" class=\"wp-caption aligncenter\"><a href=\"http:\/\/www.sudoestehoje.com.br\/novoportal\/wp-content\/uploads\/2012\/05\/MIRALDO-MOTA-6.jpg\"><img decoding=\"async\" aria-describedby=\"caption-attachment-15690\" class=\" wp-image-15690 \" title=\"MIRALDO MOTA 6\" src=\"http:\/\/www.sudoestehoje.com.br\/novoportal\/wp-content\/uploads\/2012\/05\/MIRALDO-MOTA-6-500x281.jpg\" alt=\"\" width=\"400\" srcset=\"https:\/\/www.sudoestehoje.com.br\/novoportal\/wp-content\/uploads\/2012\/05\/MIRALDO-MOTA-6-500x281.jpg 500w, https:\/\/www.sudoestehoje.com.br\/novoportal\/wp-content\/uploads\/2012\/05\/MIRALDO-MOTA-6.jpg 960w\" sizes=\"(max-width: 500px) 100vw, 500px\" \/><\/a><p id=\"caption-attachment-15690\" class=\"wp-caption-text\">Miraldo Mota concedeu entrevista no programa &#39;Na Boca do Povo&#39;, no \u00faltimo s\u00e1bado e afirmou que continua firme no seu prop\u00f3sito de ser o candidato a prefeito pelo PT de Itapetinga.<\/p><\/div>\n<p><strong><br \/>\n<\/strong><br \/>\nITAPETINGA: Em entrevista concedida ao programa na boca do povo, apresentado pelos radialistas Nivaldo Viana e Jos\u00e9 Elias, o pr\u00e9-candidato a prefeito pelo PT, Miraldo Mota, fez uma abordagem em rela\u00e7\u00e3o \u00e0 mudan\u00e7a da vis\u00e3o do eleitor de Itapetinga. Disse que na vis\u00e3o dele n\u00e3o s\u00e3o mais as rixas pessoais que movem os sentimentos dos eleitores e sim o permanente desejo de cobran\u00e7a de resultados.<\/p>\n<p>Para Miraldo, o povo n\u00e3o aceita mais essas desculpas, o povo quer ver resultados, quer transpar\u00eancia, quer participar nas decis\u00f5es de governo, pois s\u00f3 assim o povo se sentir\u00e1 co-respons\u00e1vel pelas a\u00e7\u00f5es dos seus lideres, escolhidos atrav\u00e9s do voto democr\u00e1tico.\u00a0Ele tamb\u00e9m aproveitou o a oportunidade para parabenizar todas as m\u00e3es itapetinguenses, pelo seu dia.<!--more--><\/p>\n<p>Miraldo tamb\u00e9m afirmou que sua pr\u00e9-candidatura ganha cada vez mais simpatizantes e segundo ele Itapetinga vive um processo parecido com a cidade de recife, onde o prefeito do PT tem a prerrogativa da reelei\u00e7\u00e3o, por\u00e9m a milit\u00e2ncia entende a necessidade de substituir o candidato. Para ele esse gesto \u00e9 democr\u00e1tico e legitimo.<\/p>\n<p>Segundo Miraldo, Itapetinga precisa mudar o modelo de gest\u00e3o, mas n\u00e3o pode perder o alinhamento com os governos do PT nas esferas nacional e estadual e sua pr\u00e9- candidatura cumpre este papel.<\/p>\n<p>Ele ainda se mostrou muito satisfeito com resultados de pesquisas que j\u00e1 mostram que o seu nome \u00e9 bem aceito pela popula\u00e7\u00e3o e capaz de desbancar nomes \u00a0j\u00e1 apresentados h\u00e1 muito mais tempo que o dele. O pr\u00e9-candidato ainda relatou que vem mantendo contatos importantes com deputados federais e estaduais do PT e que no momento certo essas lideran\u00e7as vir\u00e3o se incorporar ao seu projeto pol\u00edtico-eleitoral.<\/p>\n<p>Durante a entrevista houve manifesta\u00e7\u00f5es de apoio ao nome de Miraldo, afirmando que ele \u00e9 o que h\u00e1 de melhor no cen\u00e1rio pol\u00edtico de Itapetinga e est\u00e1 afinado com os governos federal e estadual.<\/p>\n<p>Ser\u00e1 que vai dar Miraldo?<\/p>\n<p><strong><em>Da Reda\u00e7\u00e3o<\/em><\/strong><\/p>\n","protected":false},"excerpt":{"rendered":"<p>ITAPETINGA: Em entrevista concedida ao programa na boca do povo, apresentado pelos radialistas Nivaldo Viana e Jos\u00e9 Elias, o pr\u00e9-candidato a prefeito pelo PT, Miraldo Mota, fez uma abordagem em rela\u00e7\u00e3o \u00e0 mudan\u00e7a da vis\u00e3o do eleitor de Itapetinga. Disse que na vis\u00e3o dele n\u00e3o s\u00e3o mais as rixas pessoais que movem os sentimentos dos [&hellip;]<\/p>\n","protected":false},"author":2,"featured_media":0,"comment_status":"open","ping_status":"open","sticky":false,"template":"","format":"standard","meta":{"footnotes":"","_links_to":"","_links_to_target":""},"categories":[1],"tags":[],"class_list":["post-15687","post","type-post","status-publish","format-standard","hentry","category-geral"],"views":1424,"_links":{"self":[{"href":"https:\/\/www.sudoestehoje.com.br\/novoportal\/wp-json\/wp\/v2\/posts\/15687","targetHints":{"allow":["GET"]}}],"collection":[{"href":"https:\/\/www.sudoestehoje.com.br\/novoportal\/wp-json\/wp\/v2\/posts"}],"about":[{"href":"https:\/\/www.sudoestehoje.com.br\/novoportal\/wp-json\/wp\/v2\/types\/post"}],"author":[{"embeddable":true,"href":"https:\/\/www.sudoestehoje.com.br\/novoportal\/wp-json\/wp\/v2\/users\/2"}],"replies":[{"embeddable":true,"href":"https:\/\/www.sudoestehoje.com.br\/novoportal\/wp-json\/wp\/v2\/comments?post=15687"}],"version-history":[{"count":7,"href":"https:\/\/www.sudoestehoje.com.br\/novoportal\/wp-json\/wp\/v2\/posts\/15687\/revisions"}],"predecessor-version":[{"id":15692,"href":"https:\/\/www.sudoestehoje.com.br\/novoportal\/wp-json\/wp\/v2\/posts\/15687\/revisions\/15692"}],"wp:attachment":[{"href":"https:\/\/www.sudoestehoje.com.br\/novoportal\/wp-json\/wp\/v2\/media?parent=15687"}],"wp:term":[{"taxonomy":"category","embeddable":true,"href":"https:\/\/www.sudoestehoje.com.br\/novoportal\/wp-json\/wp\/v2\/categories?post=15687"},{"taxonomy":"post_tag","embeddable":true,"href":"https:\/\/www.sudoestehoje.com.br\/novoportal\/wp-json\/wp\/v2\/tags?post=15687"}],"curies":[{"name":"wp","href":"https:\/\/api.w.org\/{rel}","templated":true}]}}