
{"id":15667,"date":"2012-05-14T00:01:45","date_gmt":"2012-05-14T03:01:45","guid":{"rendered":"http:\/\/www.sudoestehoje.com.br\/novoportal\/?p=15667"},"modified":"2012-05-14T00:04:30","modified_gmt":"2012-05-14T03:04:30","slug":"itororo-governo-decide-quem-pode-ficar-doente","status":"publish","type":"post","link":"https:\/\/www.sudoestehoje.com.br\/novoportal\/2012\/05\/14\/itororo-governo-decide-quem-pode-ficar-doente\/","title":{"rendered":"ITOROR\u00d3: GOVERNO DECIDE QUEM PODE OU N\u00c3O FICAR DOENTE"},"content":{"rendered":"<p style=\"text-align: center;\"><a href=\"http:\/\/www.sudoestehoje.com.br\/novoportal\/wp-content\/uploads\/2012\/05\/EXAMES-DO-POVO.jpg\"><img decoding=\"async\" class=\"aligncenter  wp-image-15668\" title=\"EXAMES DO POVO\" src=\"http:\/\/www.sudoestehoje.com.br\/novoportal\/wp-content\/uploads\/2012\/05\/EXAMES-DO-POVO-500x665.jpg\" alt=\"\" width=\"400\" srcset=\"https:\/\/www.sudoestehoje.com.br\/novoportal\/wp-content\/uploads\/2012\/05\/EXAMES-DO-POVO-500x665.jpg 500w, https:\/\/www.sudoestehoje.com.br\/novoportal\/wp-content\/uploads\/2012\/05\/EXAMES-DO-POVO.jpg 590w\" sizes=\"(max-width: 500px) 100vw, 500px\" \/><\/a><\/p>\n<p>&nbsp;<\/p>\n<p>Eu, Milton Marinho poeta que arde em febre nessa terra de ratos, urubus, sa\u00favas e pouca sa\u00fade: N\u00e3o sei se \u00e9 porque o c\u00e9u \u00e9 azul celeste\/ Que a terra amante me estende as m\u00e3os ardentes\/ Que eu escrevo versos alegres como marionetes\/ E afiados e precisos como palitar dentes. Versos de MaIakovski, poeta russo, revolucion\u00e1rio. Tenho a infeliz honra de atestar que essa meia colher, essa gambiarra de governo do PT de Itoror\u00f3 governa sem poesia. Sem poesia significa governar sem amor pelo seu povo, sem devo\u00e7\u00e3o pela causa crist\u00e3 que \u00e9 o que deve propor um governo s\u00e9rio e que dessa proposta se far\u00e1 surgir uma nova sociedade.<\/p>\n<p>O que vemos aqui nesse para\u00edso assombroso \u00e9 que ele, o governo passou dos limites em sua voca\u00e7\u00e3o e talento para a desconstru\u00e7\u00e3o do edif\u00edcio humano que preg\u00e1vamos antes desse apocalipse social que empossamos como modelo, porque passou ele a escolher quem vive e quem morre em Itoror\u00f3 atrav\u00e9s de sua Secretaria de Sa\u00fade. \u00a0A trag\u00e9dia grega \u00e9 a fonte de toda poesia vivida nos \u00faltimos anos no nosso territ\u00f3rio. <em>CONTINUE LENDO&#8230;<!--more--><\/em><\/p>\n<p>Um olimpo de l\u00e1grimas e miseric\u00f3rdias sem precedentes registra nossos anais. Sorte ou azar nosso, temos Milton Marinho que poderia se calar diante de tanta injusti\u00e7a, mas que fora politicamente treinado por este time (nos seus prim\u00f3rdios), que se acha dono do PT, para n\u00e3o se calar. A direita hist\u00f3rica se debate em agonia porque ela continua no poder, mas n\u00e3o est\u00e1 no comando.<\/p>\n<p>A esquerda petista se misturou com o \u00f3leo e com o joio. Que \u00e9 mesmo um louco. Que s\u00f3 n\u00e3o rasga dinheiro porque n\u00e3o tem dinheiro para comprar cola. Como dizia Leminski. \/ Pasmem voc\u00eas, mas n\u00e3o deem ouvidos ao que ele escreve, ou ao canto da sereia que ele entoa, mesmo com as provas apresentadas, seladas e carimbadas por n\u00f3s. Somos pessoas id\u00f4neas, que carregamos em nosso esp\u00edrito de governo uma alma franciscana, crist\u00e3; Abjeta, por\u00e9m crist\u00e3. Aquele que governa para quem mais precisa; os ricos. Aquele governo que foi concebido sem pecado para melhorar a vida do povo de nossa cidade.\u00a0 O governo do PT de Adroaldo, o galo. O que acorda mais cedo para tecer e entristecer as manh\u00e3s com suas manhas e seus dons mais cristalinos que pau de galinheiro. O que traz a sa\u00fade para o povo atrav\u00e9s de uns comprimidos de \u201cMezarim\u201d e algumas pomadas do \u00f3leo do peixe el\u00e9trico. S\u00f3 que do outro lado do espelho desse governo, tem um povo que chora l\u00e1grimas de sangue porque est\u00e1 marcado para morrer e este povo vai morrendo aos poucos. Tem me chegado \u00e0s m\u00e3os uma s\u00e9rie de pedidos de exames (vide foto), de pessoas pobres que n\u00e3o podem faz\u00ea-los por neglig\u00eancia do setor (Secretaria de Sa\u00fade do munic\u00edpio), que recomenda que estes enfermos se dirijam a cl\u00ednicas particulares de renomados m\u00e9dicos da regi\u00e3o. \u00c9 um governo cruel, separatista segregacionista e desigual. Gostaria que a \u201cextraordin\u00e1ria\u201d sa\u00fade do munic\u00edpio, t\u00e3o cantada e decantada pelo governo do PT de Adroaldo explicasse para n\u00f3s o crit\u00e9rio que ele adotou para permitir que uns cidad\u00e3os, viver\u00e3o e outros n\u00e3o, em Itoror\u00f3. Se acaso, pacientes que precisam de exames ou cirurgias, cujo valor n\u00e3o est\u00e1 ao seu alcance, merecem morrer.\u00a0 Isto \u00e9 um fato em nossa cidade. Atesto e dou f\u00e9.<\/p>\n<p>Este governo e sua Secretaria de Sa\u00fade olham para o enfermo e enxergam VOTOS. Se o paciente tiver uma fam\u00edlia de tr\u00eas ou quatro votos, ent\u00e3o o sujeito \u201cmalmente\u201d recebe uma guia de exame de fezes, urina ou sangue, mas se o doente tiver no seio familiar uma \u00e1rvore geneal\u00f3gica muito frondosa, isto \u00e9, com mais de vinte ou trinta membros, a\u00ed, \u201d<em>a gente estuda o caso, meu irm\u00e3ozinho<\/em>\u201d: Nesse caso, especialmente neste caso, se o paciente tiver uma simples dor de cabe\u00e7a, o bra\u00e7o do governo se estende para ele. Estar\u00e1 de prontid\u00e3o para ele, de cara uma Resson\u00e2ncia Magn\u00e9tica Computadorizada do c\u00e9rebro do sujeito, um impec\u00e1vel exame neurol\u00f3gico, eletroencefalograma, \u201cimplante de neur\u00f4nios\u201d ou chips para o cidad\u00e3o voltar tinindo para as suas atividades etc.<\/p>\n<p>Eis um decreto claro baixado pelo governo de Adroaldo: Fica o povo proibido de contrair doen\u00e7as graves, cujo diagn\u00f3stico venha mexer com o or\u00e7amento sagrado da sa\u00fade, este, que em sua maior parte, est\u00e1 destinado para salvar a pele e a doen\u00e7a dos ricos. Esta verba da sa\u00fade que jamais poder\u00e1 ser tocada pelo povo pobre, sen\u00e3o o projeto de poder do governo deste PT, de ficar \u201ctrocentos\u201d anos no comando ser\u00e1 arranhado e a hist\u00f3rica e saud\u00e1vel elite que domina o munic\u00edpio desde a d\u00e9cada de 50, pode ficar afetada por alguns males, com isso, todo esfor\u00e7o que o governo est\u00e1 fazendo para destruir Itoror\u00f3 pode fracassar. Isso \u00e9 o que n\u00e3o se pode admitir num governo fant\u00e1stico como este.<\/p>\n<p>Tenho ajudado e muito este governo. Ajudado a reduzir a gravidade dos que est\u00e3o marcados para morrer por falta de assist\u00eancia m\u00e9dica. Pois aqui em Itoror\u00f3 existem dois tipos de doentes: Municipais e federais. Aqueles que dependendo SUS s\u00e3o os municipais; os doentes federais s\u00e3o os que t\u00eam todo amparo do governo, al\u00e9m de outras benesses, \u00e9 claro. Quanto \u00e0 minha ajuda aos doentes municipais, tenho encaminhando pacientes toda semana para centros m\u00e9dicos e hospitais de Vit\u00f3ria da conquista e regi\u00e3o. Nesse exato momento, est\u00e3o sendo marcadas cirurgias de vasectomias de funcion\u00e1rios do governo do PT de Adroaldo que n\u00e3o obtiveram \u00eaxito em seus pedidos junto \u00e0 sua Secretaria de Sa\u00fade. M\u00e9dicos amigos meus n\u00e3o tem medido esfor\u00e7os para ajudar o cidad\u00e3o de Itoror\u00f3. Nenzim \u201cCara de On\u00e7a\u201d \u00e9 uma das pessoas mais importante nesse processo. Ser\u00e1 \u201cMinistro da Sa\u00fade\u201d, um dia. Secret\u00e1rio do munic\u00edpio ele j\u00e1 \u00e9. Sem receber um centavo do munic\u00edpio para tal tarefa. Adroaldo est\u00e1 doido para compr\u00e1-lo. Ele j\u00e1 \u00e9 seu e de gra\u00e7a, prefeito. Tu \u00e9 que n\u00e3o sabe. Nenzinho Cara de On\u00e7a \u00e9 do Brasil. Acredito piamente que entre a Secretaria de Sa\u00fade do munic\u00edpio de Itoror\u00f3, um pai de santo, um vendedor de raiz ou uma rezadeira, estes est\u00e3o anos luz \u00e0 frente salvando pessoas.<\/p>\n<p><strong>Milton Marinho<\/strong><strong><\/strong><\/p>\n<p>&nbsp;<\/p>\n","protected":false},"excerpt":{"rendered":"<p>&nbsp; Eu, Milton Marinho poeta que arde em febre nessa terra de ratos, urubus, sa\u00favas e pouca sa\u00fade: N\u00e3o sei se \u00e9 porque o c\u00e9u \u00e9 azul celeste\/ Que a terra amante me estende as m\u00e3os ardentes\/ Que eu escrevo versos alegres como marionetes\/ E afiados e precisos como palitar dentes. Versos de MaIakovski, poeta [&hellip;]<\/p>\n","protected":false},"author":2,"featured_media":0,"comment_status":"open","ping_status":"open","sticky":false,"template":"","format":"standard","meta":{"footnotes":"","_links_to":"","_links_to_target":""},"categories":[1],"tags":[],"class_list":["post-15667","post","type-post","status-publish","format-standard","hentry","category-geral"],"views":1191,"_links":{"self":[{"href":"https:\/\/www.sudoestehoje.com.br\/novoportal\/wp-json\/wp\/v2\/posts\/15667","targetHints":{"allow":["GET"]}}],"collection":[{"href":"https:\/\/www.sudoestehoje.com.br\/novoportal\/wp-json\/wp\/v2\/posts"}],"about":[{"href":"https:\/\/www.sudoestehoje.com.br\/novoportal\/wp-json\/wp\/v2\/types\/post"}],"author":[{"embeddable":true,"href":"https:\/\/www.sudoestehoje.com.br\/novoportal\/wp-json\/wp\/v2\/users\/2"}],"replies":[{"embeddable":true,"href":"https:\/\/www.sudoestehoje.com.br\/novoportal\/wp-json\/wp\/v2\/comments?post=15667"}],"version-history":[{"count":4,"href":"https:\/\/www.sudoestehoje.com.br\/novoportal\/wp-json\/wp\/v2\/posts\/15667\/revisions"}],"predecessor-version":[{"id":15694,"href":"https:\/\/www.sudoestehoje.com.br\/novoportal\/wp-json\/wp\/v2\/posts\/15667\/revisions\/15694"}],"wp:attachment":[{"href":"https:\/\/www.sudoestehoje.com.br\/novoportal\/wp-json\/wp\/v2\/media?parent=15667"}],"wp:term":[{"taxonomy":"category","embeddable":true,"href":"https:\/\/www.sudoestehoje.com.br\/novoportal\/wp-json\/wp\/v2\/categories?post=15667"},{"taxonomy":"post_tag","embeddable":true,"href":"https:\/\/www.sudoestehoje.com.br\/novoportal\/wp-json\/wp\/v2\/tags?post=15667"}],"curies":[{"name":"wp","href":"https:\/\/api.w.org\/{rel}","templated":true}]}}