
{"id":15627,"date":"2012-05-13T13:45:03","date_gmt":"2012-05-13T16:45:03","guid":{"rendered":"http:\/\/www.sudoestehoje.com.br\/novoportal\/?p=15627"},"modified":"2012-05-13T13:45:03","modified_gmt":"2012-05-13T16:45:03","slug":"itabuna-estudante-universitario-morre-de-dengue-hemorragica","status":"publish","type":"post","link":"https:\/\/www.sudoestehoje.com.br\/novoportal\/2012\/05\/13\/itabuna-estudante-universitario-morre-de-dengue-hemorragica\/","title":{"rendered":"ITABUNA: ESTUDANTE UNIVERSIT\u00c1RIO MORRE DE DENGUE HEMORR\u00c1GICA"},"content":{"rendered":"<p><img decoding=\"async\" class=\"aligncenter\" src=\"http:\/\/www2.uol.com.br\/aregiao\/fotos\/Marlon2.jpg\" alt=\"marlon\" width=\"400\" \/><\/p>\n<p style=\"text-align: center;\"><em>Marlon Arruda Galv\u00e3o foi a 2\u00aa v\u00edtima fatal da dengue em Itabuna, neste ano<\/em><\/p>\n<p>&nbsp;<\/p>\n<p>ITABUNA: \u00a0O teste de reagente, em um laborat\u00f3rio de Itabuna, confirmou que o universit\u00e1rio e gerente comercial Marlon Arruda Galv\u00e3o (foto), de 27 anos, morreu de dengue.\u00a0O atestado de \u00f3bito informa que a morte do jovem foi causada pela fal\u00eancia m\u00faltipla de \u00f3rg\u00e3os, insufici\u00eancia respirat\u00f3ria, al\u00e9m de dengue. Ele estava internado no Hospital Calixto Filho desde a segunda-feira, 7, e morreu quatro dias depois, na quinta, 10. \u00a0O rapaz deu entrada com sintomas de febre e dores no abd\u00f4men. O paciente tinha les\u00e3o hep\u00e1tica e a dengue s\u00f3 fez agravar o quadro. O tipo de v\u00edrus da doen\u00e7a s\u00f3 ser\u00e1 conhecido com o resultado do exame feito pelo Laborat\u00f3rio Central, em Salvador.<\/p>\n<p>Marlon morava no S\u00e3o Caetano, um dos bairros em situa\u00e7\u00e3o mais cr\u00edtica. O corpo do rapaz foi enterrado na sexta-feira, em Itabuna. A coordenadora de Vigil\u00e2ncia Epidemiol\u00f3gica de Itabuna, M\u00e1rcia Falc\u00e3o, alegou ser precipitada a confirma\u00e7\u00e3o da morte por dengue. \u00a0Ela disse que o teste feito no hospital \u00e9 inicial e que Marlon pode ter sido v\u00edtima de hepatite. Esse \u00e9 o quinto caso notificado da forma mais grave da doen\u00e7a no munic\u00edpio, que mais uma vez enfrenta uma epidemia.\u00a0<!--more--><\/p>\n<p><strong>Epidemia<\/strong><\/p>\n<p><strong><\/strong>Segundo a Vigil\u00e2ncia Epidemiol\u00f3gica da Bahia, entre 1\u00ba de janeiro e esta sexta, 11, foram mais de 3.600 notifica\u00e7\u00f5es, um aumento de 1.697% em rela\u00e7\u00e3o ao mesmo per\u00edodo de 2011. Nesta semana a Secretaria Estadual de Sa\u00fade confirmou a morte da estudante Ana Beatriz Santos Batista, de 9 anos.\u00a0A menina era moradora do bairro Novo S\u00e3o Caetano e contraiu a doen\u00e7a no m\u00eas passado, quando o n\u00famero de casos aumentou cerca de 50% em rela\u00e7\u00e3o aos meses anteriores. Segundo a Vigil\u00e2ncia, a faixa et\u00e1ria da menina n\u00e3o \u00e9 a que tem maior quantidade de doentes em Itabuna.<\/p>\n<p>A maior quantidade de pessoas que ficou doente neste ano est\u00e1 na faixa entre 15 e 19 anos. Depois v\u00eam os com idade de 20 a 29 anos e entre 30 e 39 anos. A taxa de incid\u00eancia est\u00e1 acima de 2 mil casos para cada grupo de 100 mil habitantes para essas faixas et\u00e1rias.<\/p>\n<p><strong>Nos bairros<\/strong><\/p>\n<p>Itabuna \u00e9 o segundo munic\u00edpio em n\u00famero de notifica\u00e7\u00f5es, atr\u00e1s apenas de Salvador, que tem 4.044 ocorr\u00eancias no ano. A diferen\u00e7a \u00e9 que a taxa de incid\u00eancia no munic\u00edpio do sul da Bahia \u00e9 dez vezes maior que a da capital.\u00a0Na \u00faltima semana, o bairro S\u00e3o Caetano perdeu a primeira coloca\u00e7\u00e3o para o Santo Ant\u00f4nio e est\u00e1 atr\u00e1s tamb\u00e9m do Calif\u00f3rnia. J\u00e1 s\u00e3o 259 ocorr\u00eancias no Santo Ant\u00f4nio, 249 no Calif\u00f3rnia. At\u00e9 sexta-feira, 11, o S\u00e3o Caetano e o F\u00e1tima dividiam a terceira coloca\u00e7\u00e3o, com 238 cada.\u00a0Outros bairros com grande n\u00famero de casos s\u00e3o Concei\u00e7\u00e3o (154), Mangabinha (137), Santa In\u00eas (129), Ferradas (128), Pedro Jer\u00f4nimo (88) S\u00e3o Pedro (88). No centro da cidade foram 211 ocorr\u00eancias.<\/p>\n<p>Al\u00e9m de Itabuna, a dengue j\u00e1 causou mortes em Cama\u00e7ari, Baixa Grande, Concei\u00e7\u00e3o do Jacu\u00edpe, Feira de Santana, Guanambi, Jacobina, Jequi\u00e9, Pojuca e Salvador. Foram 14 mortes neste ano em todo o estado. Com duas mortes est\u00e3o Itabuna, Jequi\u00e9, Jacobina, Salvador e Cama\u00e7ari.<\/p>\n<p>Com a epidemia da dengue em munic\u00edpios como Itabuna, houve aumento de 3,06% na Bahia. Foram registrados 33.779 casos suspeitos no estado, sendo 51 ocorr\u00eancias de febre hemorr\u00e1gica da dengue. No mesmo per\u00edodo de 2011 foram notificados 32.776 casos de dengue cl\u00e1ssica.<\/p>\n<p><strong><em>A Regi\u00e3o<\/em><\/strong><\/p>\n","protected":false},"excerpt":{"rendered":"<p>Marlon Arruda Galv\u00e3o foi a 2\u00aa v\u00edtima fatal da dengue em Itabuna, neste ano &nbsp; ITABUNA: \u00a0O teste de reagente, em um laborat\u00f3rio de Itabuna, confirmou que o universit\u00e1rio e gerente comercial Marlon Arruda Galv\u00e3o (foto), de 27 anos, morreu de dengue.\u00a0O atestado de \u00f3bito informa que a morte do jovem foi causada pela fal\u00eancia [&hellip;]<\/p>\n","protected":false},"author":2,"featured_media":0,"comment_status":"open","ping_status":"open","sticky":false,"template":"","format":"standard","meta":{"footnotes":"","_links_to":"","_links_to_target":""},"categories":[1],"tags":[],"class_list":["post-15627","post","type-post","status-publish","format-standard","hentry","category-geral"],"views":4016,"_links":{"self":[{"href":"https:\/\/www.sudoestehoje.com.br\/novoportal\/wp-json\/wp\/v2\/posts\/15627","targetHints":{"allow":["GET"]}}],"collection":[{"href":"https:\/\/www.sudoestehoje.com.br\/novoportal\/wp-json\/wp\/v2\/posts"}],"about":[{"href":"https:\/\/www.sudoestehoje.com.br\/novoportal\/wp-json\/wp\/v2\/types\/post"}],"author":[{"embeddable":true,"href":"https:\/\/www.sudoestehoje.com.br\/novoportal\/wp-json\/wp\/v2\/users\/2"}],"replies":[{"embeddable":true,"href":"https:\/\/www.sudoestehoje.com.br\/novoportal\/wp-json\/wp\/v2\/comments?post=15627"}],"version-history":[{"count":5,"href":"https:\/\/www.sudoestehoje.com.br\/novoportal\/wp-json\/wp\/v2\/posts\/15627\/revisions"}],"predecessor-version":[{"id":15632,"href":"https:\/\/www.sudoestehoje.com.br\/novoportal\/wp-json\/wp\/v2\/posts\/15627\/revisions\/15632"}],"wp:attachment":[{"href":"https:\/\/www.sudoestehoje.com.br\/novoportal\/wp-json\/wp\/v2\/media?parent=15627"}],"wp:term":[{"taxonomy":"category","embeddable":true,"href":"https:\/\/www.sudoestehoje.com.br\/novoportal\/wp-json\/wp\/v2\/categories?post=15627"},{"taxonomy":"post_tag","embeddable":true,"href":"https:\/\/www.sudoestehoje.com.br\/novoportal\/wp-json\/wp\/v2\/tags?post=15627"}],"curies":[{"name":"wp","href":"https:\/\/api.w.org\/{rel}","templated":true}]}}