
{"id":15618,"date":"2012-05-13T10:54:12","date_gmt":"2012-05-13T13:54:12","guid":{"rendered":"http:\/\/www.sudoestehoje.com.br\/novoportal\/?p=15618"},"modified":"2012-05-13T10:54:12","modified_gmt":"2012-05-13T13:54:12","slug":"os-38-reus-do-mensalao-devem-ser-julgados-juntos","status":"publish","type":"post","link":"https:\/\/www.sudoestehoje.com.br\/novoportal\/2012\/05\/13\/os-38-reus-do-mensalao-devem-ser-julgados-juntos\/","title":{"rendered":"OS 38 R\u00c9US DO MENSAL\u00c3O DEVEM SER JULGADOS JUNTOS"},"content":{"rendered":"<p>&nbsp;<\/p>\n<p><img decoding=\"async\" class=\"aligncenter\" src=\"http:\/\/oposicaoviva.files.wordpress.com\/2011\/02\/todos_d0_mensalao2.jpg\" alt=\"\" \/><\/p>\n<p>O ministro Joaquim Barbosa, do STF, frustrou mais uma tentativa de retardar o julgamento do processo do mensal\u00e3o ao indeferir requerimento do advogado Marcio Thomaz Bastos para que os autos fossem desmembrados, para que os 35 r\u00e9us \u2013 dos 38 -que n\u00e3o desfrutam de foro privilegiado sejam julgados em primeira inst\u00e2ncia, deixando na Suprema Corte apenas os tr\u00eas deputados que, por prerrogativa de fun\u00e7\u00e3o, t\u00eam esse direito.<\/p>\n<p>De acordo com a Folha de S.Paulo (9\/5), para Barbosa \u201ca quest\u00e3o relativa ao desmembramento do feito em rela\u00e7\u00e3o aos r\u00e9us que n\u00e3o gozam de foro por prerrogativa de fun\u00e7\u00e3o j\u00e1 foi, por v\u00e1rias vezes, apreciada nesta a\u00e7\u00e3o penal, sendo, em todas as ocasi\u00f5es, rejeitada\u201d.<\/p>\n<p>Ou seja, o STF entende que os 38 r\u00e9us do mensal\u00e3o devem ser julgados juntos.<\/p>\n<p>Leia a \u00edntegra em\u00a0<a href=\"http:\/\/www.estadao.com.br\/noticias\/impresso,protelacao-recusada-,872011,0.htm\" target=\"_blank\">Protela\u00e7\u00e3o recusada<\/a><\/p>\n","protected":false},"excerpt":{"rendered":"<p>&nbsp; O ministro Joaquim Barbosa, do STF, frustrou mais uma tentativa de retardar o julgamento do processo do mensal\u00e3o ao indeferir requerimento do advogado Marcio Thomaz Bastos para que os autos fossem desmembrados, para que os 35 r\u00e9us \u2013 dos 38 -que n\u00e3o desfrutam de foro privilegiado sejam julgados em primeira inst\u00e2ncia, deixando na Suprema [&hellip;]<\/p>\n","protected":false},"author":2,"featured_media":0,"comment_status":"open","ping_status":"open","sticky":false,"template":"","format":"standard","meta":{"footnotes":"","_links_to":"","_links_to_target":""},"categories":[1],"tags":[],"class_list":["post-15618","post","type-post","status-publish","format-standard","hentry","category-geral"],"views":1271,"_links":{"self":[{"href":"https:\/\/www.sudoestehoje.com.br\/novoportal\/wp-json\/wp\/v2\/posts\/15618","targetHints":{"allow":["GET"]}}],"collection":[{"href":"https:\/\/www.sudoestehoje.com.br\/novoportal\/wp-json\/wp\/v2\/posts"}],"about":[{"href":"https:\/\/www.sudoestehoje.com.br\/novoportal\/wp-json\/wp\/v2\/types\/post"}],"author":[{"embeddable":true,"href":"https:\/\/www.sudoestehoje.com.br\/novoportal\/wp-json\/wp\/v2\/users\/2"}],"replies":[{"embeddable":true,"href":"https:\/\/www.sudoestehoje.com.br\/novoportal\/wp-json\/wp\/v2\/comments?post=15618"}],"version-history":[{"count":2,"href":"https:\/\/www.sudoestehoje.com.br\/novoportal\/wp-json\/wp\/v2\/posts\/15618\/revisions"}],"predecessor-version":[{"id":15620,"href":"https:\/\/www.sudoestehoje.com.br\/novoportal\/wp-json\/wp\/v2\/posts\/15618\/revisions\/15620"}],"wp:attachment":[{"href":"https:\/\/www.sudoestehoje.com.br\/novoportal\/wp-json\/wp\/v2\/media?parent=15618"}],"wp:term":[{"taxonomy":"category","embeddable":true,"href":"https:\/\/www.sudoestehoje.com.br\/novoportal\/wp-json\/wp\/v2\/categories?post=15618"},{"taxonomy":"post_tag","embeddable":true,"href":"https:\/\/www.sudoestehoje.com.br\/novoportal\/wp-json\/wp\/v2\/tags?post=15618"}],"curies":[{"name":"wp","href":"https:\/\/api.w.org\/{rel}","templated":true}]}}