
{"id":15614,"date":"2012-05-13T10:31:32","date_gmt":"2012-05-13T13:31:32","guid":{"rendered":"http:\/\/www.sudoestehoje.com.br\/novoportal\/?p=15614"},"modified":"2012-05-13T10:31:32","modified_gmt":"2012-05-13T13:31:32","slug":"seca-historica-gera-guerra-por-agua-no-sertao-nordestino","status":"publish","type":"post","link":"https:\/\/www.sudoestehoje.com.br\/novoportal\/2012\/05\/13\/seca-historica-gera-guerra-por-agua-no-sertao-nordestino\/","title":{"rendered":"SECA HIST\u00d3RICA GERA GUERRA POR \u00c1GUA NO SERT\u00c3O NORDESTINO"},"content":{"rendered":"<p><img decoding=\"async\" class=\"aligncenter\" src=\"http:\/\/www.politicalivre.com.br\/wp-content\/thumbgen_cache\/cf77aa7f847a2c1693248ee9a20ab527.jpg\" alt=\"\" width=\"400\" \/><\/p>\n<p>Considerada a pior dos \u00faltimos 50 anos em alguns estados do Nordeste, a seca est\u00e1 provocando um confronto que s\u00f3 se imaginaria no futuro: a guerra pela \u00e1gua. Em Pernambuco, essa luta j\u00e1 come\u00e7ou com tiros, morte e explora\u00e7\u00e3o da mis\u00e9ria. Protestos desesperados s\u00e3o registrados n\u00e3o s\u00f3 l\u00e1, mas em v\u00e1rias regi\u00f5es do semi\u00e1rido, onde a estiagem j\u00e1 se alastra por 1.100 munic\u00edpios. A popula\u00e7\u00e3o pede provid\u00eancias imediatas dos governos para amenizar os efeitos devastadores. A situa\u00e7\u00e3o s\u00f3 n\u00e3o \u00e9 pior j\u00e1 que as fam\u00edlias contam com os programas sociais, como o Bolsa Fam\u00edlia. Como observam agricultores, a preocupa\u00e7\u00e3o no momento \u00e9 maior com os animais, que est\u00e3o morrendo de sede e fome, do que com as pessoas. Leia mais em\u00a0<a href=\"http:\/\/oglobo.globo.com\/pais\/seca-historica-gera-guerra-por-agua-no-sertao-do-nordeste-4883966\" target=\"_blank\">O Globo.<\/a><\/p>\n","protected":false},"excerpt":{"rendered":"<p>Considerada a pior dos \u00faltimos 50 anos em alguns estados do Nordeste, a seca est\u00e1 provocando um confronto que s\u00f3 se imaginaria no futuro: a guerra pela \u00e1gua. Em Pernambuco, essa luta j\u00e1 come\u00e7ou com tiros, morte e explora\u00e7\u00e3o da mis\u00e9ria. Protestos desesperados s\u00e3o registrados n\u00e3o s\u00f3 l\u00e1, mas em v\u00e1rias regi\u00f5es do semi\u00e1rido, onde [&hellip;]<\/p>\n","protected":false},"author":2,"featured_media":0,"comment_status":"open","ping_status":"open","sticky":false,"template":"","format":"standard","meta":{"footnotes":"","_links_to":"","_links_to_target":""},"categories":[1],"tags":[],"class_list":["post-15614","post","type-post","status-publish","format-standard","hentry","category-geral"],"views":1134,"_links":{"self":[{"href":"https:\/\/www.sudoestehoje.com.br\/novoportal\/wp-json\/wp\/v2\/posts\/15614","targetHints":{"allow":["GET"]}}],"collection":[{"href":"https:\/\/www.sudoestehoje.com.br\/novoportal\/wp-json\/wp\/v2\/posts"}],"about":[{"href":"https:\/\/www.sudoestehoje.com.br\/novoportal\/wp-json\/wp\/v2\/types\/post"}],"author":[{"embeddable":true,"href":"https:\/\/www.sudoestehoje.com.br\/novoportal\/wp-json\/wp\/v2\/users\/2"}],"replies":[{"embeddable":true,"href":"https:\/\/www.sudoestehoje.com.br\/novoportal\/wp-json\/wp\/v2\/comments?post=15614"}],"version-history":[{"count":3,"href":"https:\/\/www.sudoestehoje.com.br\/novoportal\/wp-json\/wp\/v2\/posts\/15614\/revisions"}],"predecessor-version":[{"id":15617,"href":"https:\/\/www.sudoestehoje.com.br\/novoportal\/wp-json\/wp\/v2\/posts\/15614\/revisions\/15617"}],"wp:attachment":[{"href":"https:\/\/www.sudoestehoje.com.br\/novoportal\/wp-json\/wp\/v2\/media?parent=15614"}],"wp:term":[{"taxonomy":"category","embeddable":true,"href":"https:\/\/www.sudoestehoje.com.br\/novoportal\/wp-json\/wp\/v2\/categories?post=15614"},{"taxonomy":"post_tag","embeddable":true,"href":"https:\/\/www.sudoestehoje.com.br\/novoportal\/wp-json\/wp\/v2\/tags?post=15614"}],"curies":[{"name":"wp","href":"https:\/\/api.w.org\/{rel}","templated":true}]}}