
{"id":15528,"date":"2012-05-09T15:42:44","date_gmt":"2012-05-09T18:42:44","guid":{"rendered":"http:\/\/www.sudoestehoje.com.br\/novoportal\/?p=15528"},"modified":"2012-05-09T15:42:44","modified_gmt":"2012-05-09T18:42:44","slug":"itapetinga-oposicoes-firmam-pacto-pela-etica-na-politica","status":"publish","type":"post","link":"https:\/\/www.sudoestehoje.com.br\/novoportal\/2012\/05\/09\/itapetinga-oposicoes-firmam-pacto-pela-etica-na-politica\/","title":{"rendered":"ITAPETINGA: OPOSI\u00c7\u00d5ES FIRMAM PACTO PELA \u00c9TICA NA POL\u00cdTICA"},"content":{"rendered":"<p><img decoding=\"async\" class=\"aligncenter\" src=\"http:\/\/1.bp.blogspot.com\/-FK5z-iJb8O0\/T6p7XjYsNMI\/AAAAAAAAAcA\/QyLv_grx3qg\/s640\/uni%C3%A3o.gif\" alt=\"\" width=\"400\" \/><\/p>\n<p>Reuniram-se nesta ter\u00e7a feira, 08 de maio, na sala vip da C\u00e2mara de Vereadores, importantes lideran\u00e7as pol\u00edticas e representantes da sociedade organizada, com o objetivo de discutir sobre a atual crise \u00e9tica instalada no munic\u00edpio, as in\u00fameras denuncias de corrup\u00e7\u00e3o na esfera p\u00fablica municipal e com processos abertos na Pol\u00edcia Federal, Minist\u00e9rio P\u00fablico Estadual e agora na Vara Fazenda P\u00fablica local.<\/p>\n<p>O segundo objetivo da reuni\u00e3o foi como esse agrupamento apresentar a sociedade um novo modelo administrativo para Itapetinga, tendo-se como base fundamental a \u00e9tica administrativa, direcionando a aplica\u00e7\u00e3o dos recursos p\u00fablicos para a camada da popula\u00e7\u00e3o mais necessitada.<\/p>\n<p>Fizeram-se presentes nessa reuni\u00e3o os vereadores (as) Naara Duarte, Fabiano Bahia, Benilson Leite; os pr\u00e9-candidatos a prefeito, Jorge Pantera (PSB), K\u00e1tia Espinheira (PMDB), Arnaldo Teixeira (PR) e Geraldo Trindade (DEM), que foi representado pelos vereadores do DEM. Os vereadores Gilson de Jesus (PCdoB) e Ded\u00e9 Morais (PSB), por motivos de sa\u00fade n\u00e3o se fizeram presentes mas ap\u00f3iam inteiramente o movimento.<\/p>\n<p>Ainda se fizeram presentes dirigentes partid\u00e1rios Jos\u00e9 Ferreira e Jerisvaldo Pereira \u00a0(PCdoB), Gustercindo (PR) Jos\u00e9 Elias (empres\u00e1rio\/radialista)\u00a0 Selma e Neide do (PV) Ricardo do (PTdoB), Moreira Junior (radialista) Cristal Ferraz (jornalista) e o PSDC. Informa\u00e7\u00f5es Itapetinga 40 Graus<\/p>\n","protected":false},"excerpt":{"rendered":"<p>Reuniram-se nesta ter\u00e7a feira, 08 de maio, na sala vip da C\u00e2mara de Vereadores, importantes lideran\u00e7as pol\u00edticas e representantes da sociedade organizada, com o objetivo de discutir sobre a atual crise \u00e9tica instalada no munic\u00edpio, as in\u00fameras denuncias de corrup\u00e7\u00e3o na esfera p\u00fablica municipal e com processos abertos na Pol\u00edcia Federal, Minist\u00e9rio P\u00fablico Estadual e [&hellip;]<\/p>\n","protected":false},"author":2,"featured_media":0,"comment_status":"open","ping_status":"open","sticky":false,"template":"","format":"standard","meta":{"footnotes":"","_links_to":"","_links_to_target":""},"categories":[1],"tags":[],"class_list":["post-15528","post","type-post","status-publish","format-standard","hentry","category-geral"],"views":1426,"_links":{"self":[{"href":"https:\/\/www.sudoestehoje.com.br\/novoportal\/wp-json\/wp\/v2\/posts\/15528","targetHints":{"allow":["GET"]}}],"collection":[{"href":"https:\/\/www.sudoestehoje.com.br\/novoportal\/wp-json\/wp\/v2\/posts"}],"about":[{"href":"https:\/\/www.sudoestehoje.com.br\/novoportal\/wp-json\/wp\/v2\/types\/post"}],"author":[{"embeddable":true,"href":"https:\/\/www.sudoestehoje.com.br\/novoportal\/wp-json\/wp\/v2\/users\/2"}],"replies":[{"embeddable":true,"href":"https:\/\/www.sudoestehoje.com.br\/novoportal\/wp-json\/wp\/v2\/comments?post=15528"}],"version-history":[{"count":2,"href":"https:\/\/www.sudoestehoje.com.br\/novoportal\/wp-json\/wp\/v2\/posts\/15528\/revisions"}],"predecessor-version":[{"id":15530,"href":"https:\/\/www.sudoestehoje.com.br\/novoportal\/wp-json\/wp\/v2\/posts\/15528\/revisions\/15530"}],"wp:attachment":[{"href":"https:\/\/www.sudoestehoje.com.br\/novoportal\/wp-json\/wp\/v2\/media?parent=15528"}],"wp:term":[{"taxonomy":"category","embeddable":true,"href":"https:\/\/www.sudoestehoje.com.br\/novoportal\/wp-json\/wp\/v2\/categories?post=15528"},{"taxonomy":"post_tag","embeddable":true,"href":"https:\/\/www.sudoestehoje.com.br\/novoportal\/wp-json\/wp\/v2\/tags?post=15528"}],"curies":[{"name":"wp","href":"https:\/\/api.w.org\/{rel}","templated":true}]}}