
{"id":15510,"date":"2012-05-08T23:13:24","date_gmt":"2012-05-09T02:13:24","guid":{"rendered":"http:\/\/www.sudoestehoje.com.br\/novoportal\/?p=15510"},"modified":"2012-05-08T23:13:24","modified_gmt":"2012-05-09T02:13:24","slug":"ubaitaba-wagner-e-vaiado-por-professores-e-alunos","status":"publish","type":"post","link":"https:\/\/www.sudoestehoje.com.br\/novoportal\/2012\/05\/08\/ubaitaba-wagner-e-vaiado-por-professores-e-alunos\/","title":{"rendered":"UBAITABA: WAGNER \u00c9 VAIADO POR PROFESSORES E ALUNOS"},"content":{"rendered":"<p><img decoding=\"async\" class=\"aligncenter\" src=\"http:\/\/www.bahiatodahora.com.br\/wp-content\/uploads\/2012\/05\/Wagner-Ubaitaba-Fotos-Vin%C3%ADcius-Machado-%E2%80%93-UN.jpg\" alt=\"\" width=\"400\" \/><\/p>\n<p>&nbsp;<\/p>\n<p>UBAITABA: O governador Jaques Wagner foi recebido com apita\u00e7o e vaias por professores estaduais e alunos ao chegar a Ubaitaba, a 370 km de Salvador, no Sul do Estado. Manifestantes tamb\u00e9m entoavam trecho da m\u00fasica\u00a0<em>Vou festejar<\/em>, da sambista carioca Beth Carvalho, em protesto contra o petista, nascido politicamente na base sindical. \u201cVoc\u00ea pagou com trai\u00e7\u00e3o a quem sempre lhe deu a m\u00e3o\u201d, cantarolavam.<\/p>\n<p>Apesar do aparato de seguran\u00e7a feito por homens do Gabinete Militar do Governador e da Pol\u00edcia Militar da Bahia, Wagner tentou manter o bom humor ao passar pelos manifestantes \u00e0 porta do Hospital S\u00e3o Vicente de Paula.<\/p>\n<p>Cantando o trecho da m\u00fasica da sambista carioca, os manifestantes tentavam atrair a aten\u00e7\u00e3o do governador. Os professores reivindicam o aumento linear de 22,22% para todos os n\u00edveis do magist\u00e9rio estadual. O governador diz que o Estado n\u00e3o possui caixa para atender a reivindica\u00e7\u00e3o da categoria que entrou hoje no 28\u00ba dia de greve. A categoria tamb\u00e9m reclama do corte do sal\u00e1rio de abril.<\/p>\n<p>O governador veio acompanhar as a\u00e7\u00f5es do Programa Sa\u00fade em Movimento, da Secretaria de Sa\u00fade da Bahia (Sesab), voltado para atender a demanda de munic\u00edpios, principalmente em consultas oftalmol\u00f3gicas.<\/p>\n","protected":false},"excerpt":{"rendered":"<p>&nbsp; UBAITABA: O governador Jaques Wagner foi recebido com apita\u00e7o e vaias por professores estaduais e alunos ao chegar a Ubaitaba, a 370 km de Salvador, no Sul do Estado. Manifestantes tamb\u00e9m entoavam trecho da m\u00fasica\u00a0Vou festejar, da sambista carioca Beth Carvalho, em protesto contra o petista, nascido politicamente na base sindical. \u201cVoc\u00ea pagou com [&hellip;]<\/p>\n","protected":false},"author":2,"featured_media":0,"comment_status":"open","ping_status":"open","sticky":false,"template":"","format":"standard","meta":{"footnotes":"","_links_to":"","_links_to_target":""},"categories":[1],"tags":[],"class_list":["post-15510","post","type-post","status-publish","format-standard","hentry","category-geral"],"views":1275,"_links":{"self":[{"href":"https:\/\/www.sudoestehoje.com.br\/novoportal\/wp-json\/wp\/v2\/posts\/15510","targetHints":{"allow":["GET"]}}],"collection":[{"href":"https:\/\/www.sudoestehoje.com.br\/novoportal\/wp-json\/wp\/v2\/posts"}],"about":[{"href":"https:\/\/www.sudoestehoje.com.br\/novoportal\/wp-json\/wp\/v2\/types\/post"}],"author":[{"embeddable":true,"href":"https:\/\/www.sudoestehoje.com.br\/novoportal\/wp-json\/wp\/v2\/users\/2"}],"replies":[{"embeddable":true,"href":"https:\/\/www.sudoestehoje.com.br\/novoportal\/wp-json\/wp\/v2\/comments?post=15510"}],"version-history":[{"count":9,"href":"https:\/\/www.sudoestehoje.com.br\/novoportal\/wp-json\/wp\/v2\/posts\/15510\/revisions"}],"predecessor-version":[{"id":15519,"href":"https:\/\/www.sudoestehoje.com.br\/novoportal\/wp-json\/wp\/v2\/posts\/15510\/revisions\/15519"}],"wp:attachment":[{"href":"https:\/\/www.sudoestehoje.com.br\/novoportal\/wp-json\/wp\/v2\/media?parent=15510"}],"wp:term":[{"taxonomy":"category","embeddable":true,"href":"https:\/\/www.sudoestehoje.com.br\/novoportal\/wp-json\/wp\/v2\/categories?post=15510"},{"taxonomy":"post_tag","embeddable":true,"href":"https:\/\/www.sudoestehoje.com.br\/novoportal\/wp-json\/wp\/v2\/tags?post=15510"}],"curies":[{"name":"wp","href":"https:\/\/api.w.org\/{rel}","templated":true}]}}