
{"id":1551,"date":"2010-10-29T09:50:47","date_gmt":"2010-10-29T12:50:47","guid":{"rendered":"http:\/\/www.sudoestehoje.com.br\/novoportal\/?p=1551"},"modified":"2010-10-29T09:50:47","modified_gmt":"2010-10-29T12:50:47","slug":"agente-de-transito-acima-da-lei","status":"publish","type":"post","link":"https:\/\/www.sudoestehoje.com.br\/novoportal\/2010\/10\/29\/agente-de-transito-acima-da-lei\/","title":{"rendered":"AGENTE DE TR\u00c2NSITO ACIMA DA LEI"},"content":{"rendered":"<p style=\"text-align: center;\"><a rel=\"attachment wp-att-1552\" href=\"http:\/\/www.sudoestehoje.com.br\/novoportal\/2010\/10\/29\/agente-de-transito-acima-da-lei\/100_3717\/\"><img loading=\"lazy\" decoding=\"async\" class=\"size-medium wp-image-1552  aligncenter\" title=\"100_3717\" src=\"http:\/\/www.sudoestehoje.com.br\/novoportal\/wp-content\/uploads\/2010\/10\/100_3717-500x375.jpg\" alt=\"\" width=\"500\" height=\"375\" srcset=\"https:\/\/www.sudoestehoje.com.br\/novoportal\/wp-content\/uploads\/2010\/10\/100_3717-500x375.jpg 500w, https:\/\/www.sudoestehoje.com.br\/novoportal\/wp-content\/uploads\/2010\/10\/100_3717-1024x768.jpg 1024w\" sizes=\"auto, (max-width: 500px) 100vw, 500px\" \/><\/a><\/p>\n<p style=\"text-align: center;\"><strong>Agente de tr\u00e2nsito disse que autorizou ve\u00edculo estacionar em local irregular<\/strong><\/p>\n<p>\u00a0<\/p>\n<p>ITAPETINGA: Um fato estarrecedor\u00a0aconteceu comigo, nesta manh\u00e3, quando trafegava pela rua Jos\u00e9 Bonif\u00e1cio, no centro de Itapetinga. A chegar naquele quebra-molas em frente \u00e0 Alameda Rui Barbosa, verifiquei que um ve\u00edculo estava estacionado de forma irregular, obstruindo parte da via p\u00fablica. Prontamente, mostrei com um gesto a irregularidade \u00e0\u00a0agente de tr\u00e2nsito que estava ao lado,\u00a0e ela me respondeu, de forma grosseira e desrespeitosa: <strong>&#8220;Fui eu que autorizei\u00a0ele estacionar a\u00ed, fui eu que autorizei&#8221;<\/strong>.<\/p>\n<p>Vejam a que ponto chegaram as coisas em Itapetinga, onde uma agente de tr\u00e2nsito, que \u00e9 paga para curprir a lei, autoriza o seu descumprimento e ainda desafia quem aponta o erro, de forma arrogante e desrespeitosa, como se estivesse acima da lei. \u00c9 esta a orienta\u00e7\u00e3o que\u00a0o\u00a0Coordenador da Comutran est\u00e1 dando\u00a0aos seus subordinados? O que estaria levando uma simples guarda de tr\u00e2nsito a pensar que ela \u00e9 a lei? Como cidad\u00e3o, exijo respeito e vou fazer cumprir os meus direitos na justi\u00e7a, a partir da pr\u00f3xima semana. Qualquer repres\u00e1lia atrav\u00e9s de multas, ou coisa do g\u00eanero, ser\u00e1 denunciada ao Minist\u00e9rio P\u00fablico e\u00a0\u00e0 Justi\u00e7a, para mostrar que quem manda \u00e9 o cidad\u00e3o.<\/p>\n<p>Para que n\u00e3o haja d\u00favidas a respeito da irregularidade que apontei, a\u00ed est\u00e1 a foto do ve\u00edculo estacionado em local n\u00e3o permitido, com a agente\u00a0de tr\u00e2nsito ao lado.<\/p>\n<p>Davi Ferraz<\/p>\n","protected":false},"excerpt":{"rendered":"<p>Agente de tr\u00e2nsito disse que autorizou ve\u00edculo estacionar em local irregular \u00a0 ITAPETINGA: Um fato estarrecedor\u00a0aconteceu comigo, nesta manh\u00e3, quando trafegava pela rua Jos\u00e9 Bonif\u00e1cio, no centro de Itapetinga. A chegar naquele quebra-molas em frente \u00e0 Alameda Rui Barbosa, verifiquei que um ve\u00edculo estava estacionado de forma irregular, obstruindo parte da via p\u00fablica. Prontamente, mostrei [&hellip;]<\/p>\n","protected":false},"author":2,"featured_media":0,"comment_status":"open","ping_status":"open","sticky":false,"template":"","format":"standard","meta":{"footnotes":"","_links_to":"","_links_to_target":""},"categories":[1],"tags":[],"class_list":["post-1551","post","type-post","status-publish","format-standard","hentry","category-geral"],"views":1524,"_links":{"self":[{"href":"https:\/\/www.sudoestehoje.com.br\/novoportal\/wp-json\/wp\/v2\/posts\/1551","targetHints":{"allow":["GET"]}}],"collection":[{"href":"https:\/\/www.sudoestehoje.com.br\/novoportal\/wp-json\/wp\/v2\/posts"}],"about":[{"href":"https:\/\/www.sudoestehoje.com.br\/novoportal\/wp-json\/wp\/v2\/types\/post"}],"author":[{"embeddable":true,"href":"https:\/\/www.sudoestehoje.com.br\/novoportal\/wp-json\/wp\/v2\/users\/2"}],"replies":[{"embeddable":true,"href":"https:\/\/www.sudoestehoje.com.br\/novoportal\/wp-json\/wp\/v2\/comments?post=1551"}],"version-history":[{"count":5,"href":"https:\/\/www.sudoestehoje.com.br\/novoportal\/wp-json\/wp\/v2\/posts\/1551\/revisions"}],"predecessor-version":[{"id":1557,"href":"https:\/\/www.sudoestehoje.com.br\/novoportal\/wp-json\/wp\/v2\/posts\/1551\/revisions\/1557"}],"wp:attachment":[{"href":"https:\/\/www.sudoestehoje.com.br\/novoportal\/wp-json\/wp\/v2\/media?parent=1551"}],"wp:term":[{"taxonomy":"category","embeddable":true,"href":"https:\/\/www.sudoestehoje.com.br\/novoportal\/wp-json\/wp\/v2\/categories?post=1551"},{"taxonomy":"post_tag","embeddable":true,"href":"https:\/\/www.sudoestehoje.com.br\/novoportal\/wp-json\/wp\/v2\/tags?post=1551"}],"curies":[{"name":"wp","href":"https:\/\/api.w.org\/{rel}","templated":true}]}}