
{"id":15502,"date":"2012-05-09T00:01:03","date_gmt":"2012-05-09T03:01:03","guid":{"rendered":"http:\/\/www.sudoestehoje.com.br\/novoportal\/?p=15502"},"modified":"2012-05-08T23:36:43","modified_gmt":"2012-05-09T02:36:43","slug":"exclusivo-prefeito-pode-ter-sido-intimado-pela-policia-federal","status":"publish","type":"post","link":"https:\/\/www.sudoestehoje.com.br\/novoportal\/2012\/05\/09\/exclusivo-prefeito-pode-ter-sido-intimado-pela-policia-federal\/","title":{"rendered":"INTIMA\u00c7\u00c3O DA POL\u00cdCIA FEDERAL CHEGA \u00c0 PREFEITURA DE ITAPETINGA"},"content":{"rendered":"<p><img decoding=\"async\" class=\"aligncenter\" src=\"http:\/\/cpadnews.com.br\/uploads\/20100617\/266x220-20100617181543-policia%20Federal.jpg\" alt=\"\" width=\"400\" \/><\/p>\n<p>ITAPETINGA: Fonte ligada \u00e0 administra\u00e7\u00e3o municipal entrou em contato com a nossa reda\u00e7\u00e3o e informou que uma correspond\u00eancia da Pol\u00edcia Federal teria sido entregue no gabinete do prefeito Z\u00e9 Carlos, na manh\u00e3 desta ter\u00e7a-feira, mas n\u00e3o soube informar do que se tratava. H\u00e1 informa\u00e7\u00f5es, entretanto, que um inqu\u00e9rito j\u00e1 teria sido aberto pela PF e que figuras conhecidas da atual administra\u00e7\u00e3o j\u00e1 estariam sendo investigadas.<\/p>\n<p>Diante de tantas den\u00fancias que recaem contra a administra\u00e7\u00e3o do prefeito, pode-se imaginar que a suposta correspond\u00eancia PF esteja relacionada a uma delas, principalmente no que se refere \u00e0 apropria\u00e7\u00e3o indevida de cr\u00e9ditos previdenci\u00e1rios, que deu origem \u00e0 CPI da Bernardo Vidal.<\/p>\n<p>Como a Pol\u00edcia Federal n\u00e3o manda bilhetinhos de congratula\u00e7\u00f5es para ningu\u00e9m, coisa boa n\u00e3o h\u00e1 de ser. Ser\u00e1 que o prefeito j\u00e1 sabe?<\/p>\n<p><strong><em>Da Reda\u00e7\u00e3o<\/em><\/strong><\/p>\n","protected":false},"excerpt":{"rendered":"<p>ITAPETINGA: Fonte ligada \u00e0 administra\u00e7\u00e3o municipal entrou em contato com a nossa reda\u00e7\u00e3o e informou que uma correspond\u00eancia da Pol\u00edcia Federal teria sido entregue no gabinete do prefeito Z\u00e9 Carlos, na manh\u00e3 desta ter\u00e7a-feira, mas n\u00e3o soube informar do que se tratava. H\u00e1 informa\u00e7\u00f5es, entretanto, que um inqu\u00e9rito j\u00e1 teria sido aberto pela PF e [&hellip;]<\/p>\n","protected":false},"author":2,"featured_media":0,"comment_status":"open","ping_status":"open","sticky":false,"template":"","format":"standard","meta":{"footnotes":"","_links_to":"","_links_to_target":""},"categories":[1],"tags":[],"class_list":["post-15502","post","type-post","status-publish","format-standard","hentry","category-geral"],"views":1589,"_links":{"self":[{"href":"https:\/\/www.sudoestehoje.com.br\/novoportal\/wp-json\/wp\/v2\/posts\/15502","targetHints":{"allow":["GET"]}}],"collection":[{"href":"https:\/\/www.sudoestehoje.com.br\/novoportal\/wp-json\/wp\/v2\/posts"}],"about":[{"href":"https:\/\/www.sudoestehoje.com.br\/novoportal\/wp-json\/wp\/v2\/types\/post"}],"author":[{"embeddable":true,"href":"https:\/\/www.sudoestehoje.com.br\/novoportal\/wp-json\/wp\/v2\/users\/2"}],"replies":[{"embeddable":true,"href":"https:\/\/www.sudoestehoje.com.br\/novoportal\/wp-json\/wp\/v2\/comments?post=15502"}],"version-history":[{"count":8,"href":"https:\/\/www.sudoestehoje.com.br\/novoportal\/wp-json\/wp\/v2\/posts\/15502\/revisions"}],"predecessor-version":[{"id":15520,"href":"https:\/\/www.sudoestehoje.com.br\/novoportal\/wp-json\/wp\/v2\/posts\/15502\/revisions\/15520"}],"wp:attachment":[{"href":"https:\/\/www.sudoestehoje.com.br\/novoportal\/wp-json\/wp\/v2\/media?parent=15502"}],"wp:term":[{"taxonomy":"category","embeddable":true,"href":"https:\/\/www.sudoestehoje.com.br\/novoportal\/wp-json\/wp\/v2\/categories?post=15502"},{"taxonomy":"post_tag","embeddable":true,"href":"https:\/\/www.sudoestehoje.com.br\/novoportal\/wp-json\/wp\/v2\/tags?post=15502"}],"curies":[{"name":"wp","href":"https:\/\/api.w.org\/{rel}","templated":true}]}}