
{"id":15495,"date":"2012-05-08T20:13:20","date_gmt":"2012-05-08T23:13:20","guid":{"rendered":"http:\/\/www.sudoestehoje.com.br\/novoportal\/?p=15495"},"modified":"2012-05-08T22:02:56","modified_gmt":"2012-05-09T01:02:56","slug":"nao-sei-de-nada-afirma-o-desligado-ze-carlos","status":"publish","type":"post","link":"https:\/\/www.sudoestehoje.com.br\/novoportal\/2012\/05\/08\/nao-sei-de-nada-afirma-o-desligado-ze-carlos\/","title":{"rendered":"&#8220;N\u00c3O SEI DE NADA&#8221;, AFIRMA O DESINFORMADO Z\u00c9 CARLOS"},"content":{"rendered":"<p><img decoding=\"async\" class=\"aligncenter\" src=\"http:\/\/www.sudoestenarede.com.br\/v1\/wp-content\/uploads\/prefeito-itapetinga.jpg\" alt=\"\" width=\"400\" \/><\/p>\n<p>ITAPETINGA: Em entrevista concedida ao programa de Amaral Junior, na manh\u00e3 de hoje (ter\u00e7a-feira), o prefeito Z\u00e9 Carlos (PT) revelou que &#8220;desconhece&#8221; a a\u00e7\u00e3o proposta pelo Minist\u00e9rio P\u00fablico que solicitou o pedido de afastamento.\u00a0<em>\u201cEstou trabalhando normalmente e n\u00e3o fui notificado e nem tenho conhecimento dessa a\u00e7\u00e3o. Querem me jogar contra a popula\u00e7\u00e3o, fazendo terrorismo e criando factoides. Se mais tarde aparecer alguma coisa, darei as explica\u00e7\u00f5es necess\u00e1rias\u201d<\/em>, explica o prefeito, que deve ser citado pela justi\u00e7a a qualquer instante.<\/p>\n<p>Z\u00e9 Carlos elogiou a &#8220;experi\u00eancia&#8221; e &#8220;compet\u00eancia&#8221; do seu irm\u00e3o Zen\u00f3bio e afirmou que Israel Miranda \u00e9 um contador &#8220;renomado&#8221; em toda a Bahia e que ambos s\u00e3o &#8220;honestos&#8221; e da sua inteira confian\u00e7a.<\/p>\n<p>Durante o programa, v\u00e1rios correligion\u00e1rios do prefeito ligaram prestando &#8216;solidariedade&#8217;, mas as liga\u00e7\u00f5es foram claramente &#8216;filtradas&#8217;, para evitar cr\u00edticas ao prefeito. Teve at\u00e9 uma senhora que chorou durante a liga\u00e7\u00e3o. De todas as pessoas que ligaram, a mais l\u00facida foi a &#8216;chorona&#8217;, pois a situa\u00e7\u00e3o de Z\u00e9 Carlos \u00e9 mesmo preocupante.<\/p>\n<p>Fiquei emocionado&#8230;<\/p>\n<p><strong><em>Por Davi Ferraz<\/em><\/strong><\/p>\n<p>&nbsp;<\/p>\n","protected":false},"excerpt":{"rendered":"<p>ITAPETINGA: Em entrevista concedida ao programa de Amaral Junior, na manh\u00e3 de hoje (ter\u00e7a-feira), o prefeito Z\u00e9 Carlos (PT) revelou que &#8220;desconhece&#8221; a a\u00e7\u00e3o proposta pelo Minist\u00e9rio P\u00fablico que solicitou o pedido de afastamento.\u00a0\u201cEstou trabalhando normalmente e n\u00e3o fui notificado e nem tenho conhecimento dessa a\u00e7\u00e3o. Querem me jogar contra a popula\u00e7\u00e3o, fazendo terrorismo e [&hellip;]<\/p>\n","protected":false},"author":2,"featured_media":0,"comment_status":"open","ping_status":"open","sticky":false,"template":"","format":"standard","meta":{"footnotes":"","_links_to":"","_links_to_target":""},"categories":[1],"tags":[],"class_list":["post-15495","post","type-post","status-publish","format-standard","hentry","category-geral"],"views":1359,"_links":{"self":[{"href":"https:\/\/www.sudoestehoje.com.br\/novoportal\/wp-json\/wp\/v2\/posts\/15495","targetHints":{"allow":["GET"]}}],"collection":[{"href":"https:\/\/www.sudoestehoje.com.br\/novoportal\/wp-json\/wp\/v2\/posts"}],"about":[{"href":"https:\/\/www.sudoestehoje.com.br\/novoportal\/wp-json\/wp\/v2\/types\/post"}],"author":[{"embeddable":true,"href":"https:\/\/www.sudoestehoje.com.br\/novoportal\/wp-json\/wp\/v2\/users\/2"}],"replies":[{"embeddable":true,"href":"https:\/\/www.sudoestehoje.com.br\/novoportal\/wp-json\/wp\/v2\/comments?post=15495"}],"version-history":[{"count":6,"href":"https:\/\/www.sudoestehoje.com.br\/novoportal\/wp-json\/wp\/v2\/posts\/15495\/revisions"}],"predecessor-version":[{"id":15501,"href":"https:\/\/www.sudoestehoje.com.br\/novoportal\/wp-json\/wp\/v2\/posts\/15495\/revisions\/15501"}],"wp:attachment":[{"href":"https:\/\/www.sudoestehoje.com.br\/novoportal\/wp-json\/wp\/v2\/media?parent=15495"}],"wp:term":[{"taxonomy":"category","embeddable":true,"href":"https:\/\/www.sudoestehoje.com.br\/novoportal\/wp-json\/wp\/v2\/categories?post=15495"},{"taxonomy":"post_tag","embeddable":true,"href":"https:\/\/www.sudoestehoje.com.br\/novoportal\/wp-json\/wp\/v2\/tags?post=15495"}],"curies":[{"name":"wp","href":"https:\/\/api.w.org\/{rel}","templated":true}]}}