
{"id":15482,"date":"2012-05-08T11:14:02","date_gmt":"2012-05-08T14:14:02","guid":{"rendered":"http:\/\/www.sudoestehoje.com.br\/novoportal\/?p=15482"},"modified":"2012-05-08T11:25:32","modified_gmt":"2012-05-08T14:25:32","slug":"wagner-quer-fazer-barragem-no-catole-para-abastecer-conquista","status":"publish","type":"post","link":"https:\/\/www.sudoestehoje.com.br\/novoportal\/2012\/05\/08\/wagner-quer-fazer-barragem-no-catole-para-abastecer-conquista\/","title":{"rendered":"WAGNER PROMETE BARRAGEM NO RIO CATOL\u00c9 PARA ABASTECER CONQUISTA"},"content":{"rendered":"<div id=\"attachment_15484\" style=\"width: 410px\" class=\"wp-caption aligncenter\"><a href=\"http:\/\/www.sudoestehoje.com.br\/novoportal\/wp-content\/uploads\/2012\/05\/CATOLE.jpg\"><img decoding=\"async\" aria-describedby=\"caption-attachment-15484\" class=\" wp-image-15484 \" title=\"CATOLE\" src=\"http:\/\/www.sudoestehoje.com.br\/novoportal\/wp-content\/uploads\/2012\/05\/CATOLE.jpg\" alt=\"\" width=\"400\" \/><\/a><p id=\"caption-attachment-15484\" class=\"wp-caption-text\">Assoreado e polu\u00eddo, o Rio Catol\u00e9 pode sofrer mais um golpe com a constru\u00e7\u00e3o da barragem pretendida pelo governador. Itapetinga, atrav\u00e9s das sua popula\u00e7\u00e3o e lideran\u00e7as, precisa resistir a essa ideia maluca do governo, para n\u00e3o vir a ser prejudicada no futuro.<\/p><\/div>\n<p>&nbsp;<\/p>\n<p>Criadas na d\u00e9cada de 1980, as barragens de \u00c1gua Fria I e II que atendem o munic\u00edpio de Vit\u00f3ria da Conquista parecem que n\u00e3o ser\u00e3o suficientes para continuar abastecendo a contento a \u201ccapital do sudoeste\u201d e o munic\u00edpio de Tremedal nas pr\u00f3ximas d\u00e9cadas a contento.<\/p>\n<p>Nesse sentido j\u00e1 existem estudos realizados pela Embasa para a constru\u00e7\u00e3o da Barragem do Catol\u00e9 que poderia sanar o problema do abastecimento de \u00e1gua pot\u00e1vel a Vit\u00f3ria da Conquista.<\/p>\n<p>Sobre a obra, que tem uma previs\u00e3o de custar R$ 190 milh\u00f5es, o governador Jaques Wagner (PT) disse nesta quarta-feira no \u201c<strong><a href=\"http:\/\/www.comunicacao.ba.gov.br\/conversa\/programa-do-dia-08-05-2012.mp3\">Conversa com o Governador<\/a><\/strong>\u201d que busca conv\u00eanio junto ao governo federal para que seja realizada a constru\u00e7\u00e3o da Barragem do Catol\u00e9.<\/p>\n<p>J\u00e1 o prefeito Guilherme Menezes (PT), segundo o blog <em>Tribuna da Conquista<\/em>, quer a constru\u00e7\u00e3o da Barragem do Rio Pardo, localizada na regi\u00e3o do distrito de Inhobim. O interesse \u00e9 tamanho, tanto que j\u00e1 marcou a licita\u00e7\u00e3o para contratar a empresa que vai elaborar o projeto de estudos t\u00e9cnicos de viabiliza\u00e7\u00e3o da obra para o dia 18 de junho.<\/p>\n<p>Escute o \u00e1udio da promessa de Wagner no\u00a0\u201c<strong><a href=\"http:\/\/www.comunicacao.ba.gov.br\/conversa\/programa-do-dia-08-05-2012.mp3\">Conversa com o Governador<\/a><\/strong>\u201d<\/p>\n<p><strong><em>Da Reda\u00e7\u00e3o<\/em><\/strong><\/p>\n<p><strong><em><br \/>\n<\/em><\/strong><\/p>\n","protected":false},"excerpt":{"rendered":"<p>&nbsp; Criadas na d\u00e9cada de 1980, as barragens de \u00c1gua Fria I e II que atendem o munic\u00edpio de Vit\u00f3ria da Conquista parecem que n\u00e3o ser\u00e3o suficientes para continuar abastecendo a contento a \u201ccapital do sudoeste\u201d e o munic\u00edpio de Tremedal nas pr\u00f3ximas d\u00e9cadas a contento. Nesse sentido j\u00e1 existem estudos realizados pela Embasa para [&hellip;]<\/p>\n","protected":false},"author":2,"featured_media":0,"comment_status":"open","ping_status":"open","sticky":false,"template":"","format":"standard","meta":{"footnotes":"","_links_to":"","_links_to_target":""},"categories":[1],"tags":[],"class_list":["post-15482","post","type-post","status-publish","format-standard","hentry","category-geral"],"views":2469,"_links":{"self":[{"href":"https:\/\/www.sudoestehoje.com.br\/novoportal\/wp-json\/wp\/v2\/posts\/15482","targetHints":{"allow":["GET"]}}],"collection":[{"href":"https:\/\/www.sudoestehoje.com.br\/novoportal\/wp-json\/wp\/v2\/posts"}],"about":[{"href":"https:\/\/www.sudoestehoje.com.br\/novoportal\/wp-json\/wp\/v2\/types\/post"}],"author":[{"embeddable":true,"href":"https:\/\/www.sudoestehoje.com.br\/novoportal\/wp-json\/wp\/v2\/users\/2"}],"replies":[{"embeddable":true,"href":"https:\/\/www.sudoestehoje.com.br\/novoportal\/wp-json\/wp\/v2\/comments?post=15482"}],"version-history":[{"count":9,"href":"https:\/\/www.sudoestehoje.com.br\/novoportal\/wp-json\/wp\/v2\/posts\/15482\/revisions"}],"predecessor-version":[{"id":15488,"href":"https:\/\/www.sudoestehoje.com.br\/novoportal\/wp-json\/wp\/v2\/posts\/15482\/revisions\/15488"}],"wp:attachment":[{"href":"https:\/\/www.sudoestehoje.com.br\/novoportal\/wp-json\/wp\/v2\/media?parent=15482"}],"wp:term":[{"taxonomy":"category","embeddable":true,"href":"https:\/\/www.sudoestehoje.com.br\/novoportal\/wp-json\/wp\/v2\/categories?post=15482"},{"taxonomy":"post_tag","embeddable":true,"href":"https:\/\/www.sudoestehoje.com.br\/novoportal\/wp-json\/wp\/v2\/tags?post=15482"}],"curies":[{"name":"wp","href":"https:\/\/api.w.org\/{rel}","templated":true}]}}