
{"id":15461,"date":"2012-05-07T16:48:46","date_gmt":"2012-05-07T19:48:46","guid":{"rendered":"http:\/\/www.sudoestehoje.com.br\/novoportal\/?p=15461"},"modified":"2012-05-07T16:48:46","modified_gmt":"2012-05-07T19:48:46","slug":"ministerio-publico-apura-mais-denuncias-contra-ze-carlos","status":"publish","type":"post","link":"https:\/\/www.sudoestehoje.com.br\/novoportal\/2012\/05\/07\/ministerio-publico-apura-mais-denuncias-contra-ze-carlos\/","title":{"rendered":"MINIST\u00c9RIO P\u00daBLICO APURA MAIS DEN\u00daNCIAS CONTRA Z\u00c9 CARLOS"},"content":{"rendered":"<p><img decoding=\"async\" class=\"aligncenter\" src=\"http:\/\/www.bahianoticias.com.br\/fotos\/principal_noticias\/113216\/IMAGEM_NOTICIA_5.jpg\" alt=\"\" \/><\/p>\n<p style=\"text-align: center;\"><em>Coleta de lixo em Itapetinga \u00e9 uma mina de dinheiro<\/em><\/p>\n<p>&nbsp;<\/p>\n<p>ITAPETINGA: Segundo mat\u00e9ria publicada no conceituado Blog da Resenha Geral, de Vit\u00f3ria da Conquista, a via crucis do prefeito Z\u00e9 Carlos s\u00f3 est\u00e1 come\u00e7ando. De acordo com a reportagem, h\u00e1 informa\u00e7\u00f5es\u00a0de que o Minist\u00e9rio P\u00fablico estaria apurando novas den\u00fancias contra o\u00a0gestor, que tamb\u00e9m poder\u00e1 responder por superfaturamento no aluguel de ve\u00edculos que prestam servi\u00e7os ao poder p\u00fablico municipal.<\/p>\n<p>Se o Minist\u00e9rio P\u00fablico prosseguir nas investiga\u00e7\u00f5es e conseguir <em>puxar o fio da meada<\/em>, vai descobrir coisas do<em> arco da velha<\/em>, como o suspeit\u00edssimo contrato de loca\u00e7\u00e3o de ve\u00edculos para coleta de lixo, sem licita\u00e7\u00e3o desde o in\u00edcio da atual gest\u00e3o, com a tamb\u00e9m suspeita e ineficiente firma denominada &#8216;Pesad\u00e3o&#8217;, onde os interesses do secret\u00e1rio da fazenda e do propriet\u00e1rio da referida empresa, se misturam.<\/p>\n<p>Basta mexer que encontra&#8230;<\/p>\n<p><strong><em>Da Reda\u00e7\u00e3o<\/em><\/strong><\/p>\n<p>&nbsp;<\/p>\n","protected":false},"excerpt":{"rendered":"<p>Coleta de lixo em Itapetinga \u00e9 uma mina de dinheiro &nbsp; ITAPETINGA: Segundo mat\u00e9ria publicada no conceituado Blog da Resenha Geral, de Vit\u00f3ria da Conquista, a via crucis do prefeito Z\u00e9 Carlos s\u00f3 est\u00e1 come\u00e7ando. De acordo com a reportagem, h\u00e1 informa\u00e7\u00f5es\u00a0de que o Minist\u00e9rio P\u00fablico estaria apurando novas den\u00fancias contra o\u00a0gestor, que tamb\u00e9m poder\u00e1 [&hellip;]<\/p>\n","protected":false},"author":2,"featured_media":0,"comment_status":"open","ping_status":"open","sticky":false,"template":"","format":"standard","meta":{"footnotes":"","_links_to":"","_links_to_target":""},"categories":[1],"tags":[],"class_list":["post-15461","post","type-post","status-publish","format-standard","hentry","category-geral"],"views":1330,"_links":{"self":[{"href":"https:\/\/www.sudoestehoje.com.br\/novoportal\/wp-json\/wp\/v2\/posts\/15461","targetHints":{"allow":["GET"]}}],"collection":[{"href":"https:\/\/www.sudoestehoje.com.br\/novoportal\/wp-json\/wp\/v2\/posts"}],"about":[{"href":"https:\/\/www.sudoestehoje.com.br\/novoportal\/wp-json\/wp\/v2\/types\/post"}],"author":[{"embeddable":true,"href":"https:\/\/www.sudoestehoje.com.br\/novoportal\/wp-json\/wp\/v2\/users\/2"}],"replies":[{"embeddable":true,"href":"https:\/\/www.sudoestehoje.com.br\/novoportal\/wp-json\/wp\/v2\/comments?post=15461"}],"version-history":[{"count":4,"href":"https:\/\/www.sudoestehoje.com.br\/novoportal\/wp-json\/wp\/v2\/posts\/15461\/revisions"}],"predecessor-version":[{"id":15465,"href":"https:\/\/www.sudoestehoje.com.br\/novoportal\/wp-json\/wp\/v2\/posts\/15461\/revisions\/15465"}],"wp:attachment":[{"href":"https:\/\/www.sudoestehoje.com.br\/novoportal\/wp-json\/wp\/v2\/media?parent=15461"}],"wp:term":[{"taxonomy":"category","embeddable":true,"href":"https:\/\/www.sudoestehoje.com.br\/novoportal\/wp-json\/wp\/v2\/categories?post=15461"},{"taxonomy":"post_tag","embeddable":true,"href":"https:\/\/www.sudoestehoje.com.br\/novoportal\/wp-json\/wp\/v2\/tags?post=15461"}],"curies":[{"name":"wp","href":"https:\/\/api.w.org\/{rel}","templated":true}]}}