
{"id":15446,"date":"2012-05-06T09:19:47","date_gmt":"2012-05-06T12:19:47","guid":{"rendered":"http:\/\/www.sudoestehoje.com.br\/novoportal\/?p=15446"},"modified":"2012-05-06T09:34:18","modified_gmt":"2012-05-06T12:34:18","slug":"itapetinga-morre-o-dr-lucio-borba","status":"publish","type":"post","link":"https:\/\/www.sudoestehoje.com.br\/novoportal\/2012\/05\/06\/itapetinga-morre-o-dr-lucio-borba\/","title":{"rendered":"ITAPETINGA: MORRE O DR. L\u00daCIO BORBA"},"content":{"rendered":"<p><img decoding=\"async\" class=\"aligncenter\" src=\"http:\/\/www.sudoestenarede.com.br\/v1\/wp-content\/uploads\/DEM-ITAPETINGA.jpg\" alt=\"\" width=\"400\" \/><\/p>\n<p style=\"text-align: center;\"><em>Dr. L\u00facio Borba, ladeado pelos amigos Dr. Jos\u00e9 Ot\u00e1vio, Naara Duarte e Benilson Leite<\/em><\/p>\n<p>Faleceu, na madrugada deste domingo, o renomado bioqu\u00edmico Dr. L\u00facio Borba, propriet\u00e1rio do LABOR &#8211; Laborat\u00f3rio de An\u00e1lises Clinicas de Itapetinga. Dr. L\u00facio, que j\u00e1 vinha internado, desde o m\u00eas passado, na UTI do Hospital Samur, em Vit\u00f3ria da Conquista, veio faleceu de causas naturais, para tristeza dos seus familiares e amigos.<\/p>\n<p>O corpo ser\u00e1 velado no Cerimonial Pax Perfei\u00e7\u00e3o, na Av. Cinquenten\u00e1rio, e o sepultamento dever\u00e1 ocorrer ainda neste domingo, com hor\u00e1rio a ser confirmado pela fam\u00edlia. O Sudoeste Hoje expressa as suas condol\u00eancias \u00e0 fam\u00edlia enlutada e lamenta a perda de um grande amigo e profissional dedicado.<\/p>\n<p><strong><em>DAVI FERRAZ<\/em><\/strong><\/p>\n","protected":false},"excerpt":{"rendered":"<p>Dr. L\u00facio Borba, ladeado pelos amigos Dr. Jos\u00e9 Ot\u00e1vio, Naara Duarte e Benilson Leite Faleceu, na madrugada deste domingo, o renomado bioqu\u00edmico Dr. L\u00facio Borba, propriet\u00e1rio do LABOR &#8211; Laborat\u00f3rio de An\u00e1lises Clinicas de Itapetinga. Dr. L\u00facio, que j\u00e1 vinha internado, desde o m\u00eas passado, na UTI do Hospital Samur, em Vit\u00f3ria da Conquista, veio [&hellip;]<\/p>\n","protected":false},"author":2,"featured_media":0,"comment_status":"open","ping_status":"open","sticky":false,"template":"","format":"standard","meta":{"footnotes":"","_links_to":"","_links_to_target":""},"categories":[1],"tags":[],"class_list":["post-15446","post","type-post","status-publish","format-standard","hentry","category-geral"],"views":1710,"_links":{"self":[{"href":"https:\/\/www.sudoestehoje.com.br\/novoportal\/wp-json\/wp\/v2\/posts\/15446","targetHints":{"allow":["GET"]}}],"collection":[{"href":"https:\/\/www.sudoestehoje.com.br\/novoportal\/wp-json\/wp\/v2\/posts"}],"about":[{"href":"https:\/\/www.sudoestehoje.com.br\/novoportal\/wp-json\/wp\/v2\/types\/post"}],"author":[{"embeddable":true,"href":"https:\/\/www.sudoestehoje.com.br\/novoportal\/wp-json\/wp\/v2\/users\/2"}],"replies":[{"embeddable":true,"href":"https:\/\/www.sudoestehoje.com.br\/novoportal\/wp-json\/wp\/v2\/comments?post=15446"}],"version-history":[{"count":6,"href":"https:\/\/www.sudoestehoje.com.br\/novoportal\/wp-json\/wp\/v2\/posts\/15446\/revisions"}],"predecessor-version":[{"id":15451,"href":"https:\/\/www.sudoestehoje.com.br\/novoportal\/wp-json\/wp\/v2\/posts\/15446\/revisions\/15451"}],"wp:attachment":[{"href":"https:\/\/www.sudoestehoje.com.br\/novoportal\/wp-json\/wp\/v2\/media?parent=15446"}],"wp:term":[{"taxonomy":"category","embeddable":true,"href":"https:\/\/www.sudoestehoje.com.br\/novoportal\/wp-json\/wp\/v2\/categories?post=15446"},{"taxonomy":"post_tag","embeddable":true,"href":"https:\/\/www.sudoestehoje.com.br\/novoportal\/wp-json\/wp\/v2\/tags?post=15446"}],"curies":[{"name":"wp","href":"https:\/\/api.w.org\/{rel}","templated":true}]}}