
{"id":1541,"date":"2010-10-28T17:53:39","date_gmt":"2010-10-28T20:53:39","guid":{"rendered":"http:\/\/www.sudoestehoje.com.br\/novoportal\/?p=1541"},"modified":"2010-10-28T17:54:04","modified_gmt":"2010-10-28T20:54:04","slug":"acerolas-laranjas","status":"publish","type":"post","link":"https:\/\/www.sudoestehoje.com.br\/novoportal\/2010\/10\/28\/acerolas-laranjas\/","title":{"rendered":"ACEROLAS &#038; LARANJAS"},"content":{"rendered":"<p style=\"text-align: center;\"><a id=\"apf9\" href=\"http:\/\/www.google.com.br\/imgres?imgurl=http:\/\/www.carlosbritto.com\/wp-content\/uploads\/acerola_madura.jpg&amp;imgrefurl=http:\/\/www.carlosbritto.com\/crise-nao-afeta-acerola-no-vale-do-sao-francisco\/&amp;usg=__bu10BeQsIBtPQXEfn73qLhU4WZg=&amp;h=480&amp;w=640&amp;sz=122&amp;hl=pt-br&amp;start=10&amp;zoom=1&amp;itbs=1&amp;tbnid=Dv7q6GCUWM3dTM:&amp;tbnh=103&amp;tbnw=137&amp;prev=\/images%3Fq%3Dacerola%26hl%3Dpt-br%26sa%3DG%26gbv%3D2%26tbs%3Disch:1\"><img loading=\"lazy\" decoding=\"async\" id=\"ipfDv7q6GCUWM3dTM:\" class=\"aligncenter\" src=\"http:\/\/t2.gstatic.com\/images?q=tbn:Dv7q6GCUWM3dTM:http:\/\/www.carlosbritto.com\/wp-content\/uploads\/acerola_madura.jpg\" alt=\"\" width=\"137\" height=\"103\" \/><\/a><\/p>\n<p>O verdadeiro motivo da demanda entre Uldurico Pinto e o irm\u00e3o do prefeito, Zen\u00f3bio Cerqueira, \u00e9 a cobran\u00e7a de 15 meses de atraso nos alugu\u00e9is da R\u00e1dio Jornal, que pertence ao deputado. Segundo informa\u00e7\u00f5es extra-oficias, a d\u00edvida hoje seria de R$ 115 mil reais, fora multas e juros contratuais. O pior de tudo \u00e9 que a prefeitura j\u00e1 teria pago \u00e0 emissora mais do dobro disto, atrav\u00e9s de uma empresa de publicidade &#8216;fantasma&#8217; com suposto endere\u00e7o\u00a0no pr\u00e9dio do Rancho, mas toda a grana teria sido desviada no meio do caminho, n\u00e3o chegando \u00e0s m\u00e3os de Uldurico. Esta tamb\u00e9m \u00e9 uma historinha bem interessante, que vai dar uma boa dor de cabe\u00e7a no nosso descansado alcaide, na hora certa. Agora, senhores &#8220;laranjas&#8221; e &#8220;acerolas&#8221; (tem mais vitamina C), \u00e9 vender a boiada e o Vectra,\u00a0pagar a d\u00edvida e\u00a0calar a boca do &#8220;home&#8221;. De &#8216;cala boca&#8217; todo mundo a\u00ed entende&#8230;<\/p>\n","protected":false},"excerpt":{"rendered":"<p>O verdadeiro motivo da demanda entre Uldurico Pinto e o irm\u00e3o do prefeito, Zen\u00f3bio Cerqueira, \u00e9 a cobran\u00e7a de 15 meses de atraso nos alugu\u00e9is da R\u00e1dio Jornal, que pertence ao deputado. Segundo informa\u00e7\u00f5es extra-oficias, a d\u00edvida hoje seria de R$ 115 mil reais, fora multas e juros contratuais. O pior de tudo \u00e9 que [&hellip;]<\/p>\n","protected":false},"author":2,"featured_media":0,"comment_status":"open","ping_status":"open","sticky":false,"template":"","format":"standard","meta":{"footnotes":"","_links_to":"","_links_to_target":""},"categories":[11],"tags":[],"class_list":["post-1541","post","type-post","status-publish","format-standard","hentry","category-quentinhas"],"views":1099,"_links":{"self":[{"href":"https:\/\/www.sudoestehoje.com.br\/novoportal\/wp-json\/wp\/v2\/posts\/1541","targetHints":{"allow":["GET"]}}],"collection":[{"href":"https:\/\/www.sudoestehoje.com.br\/novoportal\/wp-json\/wp\/v2\/posts"}],"about":[{"href":"https:\/\/www.sudoestehoje.com.br\/novoportal\/wp-json\/wp\/v2\/types\/post"}],"author":[{"embeddable":true,"href":"https:\/\/www.sudoestehoje.com.br\/novoportal\/wp-json\/wp\/v2\/users\/2"}],"replies":[{"embeddable":true,"href":"https:\/\/www.sudoestehoje.com.br\/novoportal\/wp-json\/wp\/v2\/comments?post=1541"}],"version-history":[{"count":2,"href":"https:\/\/www.sudoestehoje.com.br\/novoportal\/wp-json\/wp\/v2\/posts\/1541\/revisions"}],"predecessor-version":[{"id":1543,"href":"https:\/\/www.sudoestehoje.com.br\/novoportal\/wp-json\/wp\/v2\/posts\/1541\/revisions\/1543"}],"wp:attachment":[{"href":"https:\/\/www.sudoestehoje.com.br\/novoportal\/wp-json\/wp\/v2\/media?parent=1541"}],"wp:term":[{"taxonomy":"category","embeddable":true,"href":"https:\/\/www.sudoestehoje.com.br\/novoportal\/wp-json\/wp\/v2\/categories?post=1541"},{"taxonomy":"post_tag","embeddable":true,"href":"https:\/\/www.sudoestehoje.com.br\/novoportal\/wp-json\/wp\/v2\/tags?post=1541"}],"curies":[{"name":"wp","href":"https:\/\/api.w.org\/{rel}","templated":true}]}}