
{"id":15373,"date":"2012-05-04T10:24:20","date_gmt":"2012-05-04T13:24:20","guid":{"rendered":"http:\/\/www.sudoestehoje.com.br\/novoportal\/?p=15373"},"modified":"2012-05-05T20:25:34","modified_gmt":"2012-05-05T23:25:34","slug":"eleicoes-2012-geraldo-trindade-recebe-novos-apoios-no-clodoaldo-e-americo-nogueira","status":"publish","type":"post","link":"https:\/\/www.sudoestehoje.com.br\/novoportal\/2012\/05\/04\/eleicoes-2012-geraldo-trindade-recebe-novos-apoios-no-clodoaldo-e-americo-nogueira\/","title":{"rendered":"ELEI\u00c7\u00d5ES 2012: GERALDO TRINDADE RECEBE NOVOS APOIOS NO CLODOALDO E AM\u00c9RICO NOGUEIRA"},"content":{"rendered":"<div id=\"attachment_15378\" style=\"width: 410px\" class=\"wp-caption aligncenter\"><a href=\"http:\/\/www.sudoestehoje.com.br\/novoportal\/wp-content\/uploads\/2012\/05\/DEM-Clodoal-Cos-03-maio.jpg\"><img decoding=\"async\" aria-describedby=\"caption-attachment-15378\" class=\" wp-image-15378 \" title=\"DEM Clodoal Cos 03 maio\" src=\"http:\/\/www.sudoestehoje.com.br\/novoportal\/wp-content\/uploads\/2012\/05\/DEM-Clodoal-Cos-03-maio.jpg\" alt=\"\" width=\"400\" \/><\/a><p id=\"caption-attachment-15378\" class=\"wp-caption-text\">Democratas mostraram for\u00e7a em reuni\u00e3o realizada no bairro Clodoaldo Costa, nesta quinta-feira, com a participa\u00e7\u00e3o de suas principais lideran\u00e7as.<\/p><\/div>\n<p>&nbsp;<\/p>\n<p>ITAPETINGA: Em atendimento \u00e0 legisla\u00e7\u00e3o eleitoral, o Democratas tem participado de reuni\u00f5es organizadas por simpatizantes e pr\u00e9-candidatos, para discutir os problemas dos bairros e distritos de Itapetinga e divulgar as ideias do seu pr\u00e9-candidato a prefeito Geraldo Trindade.<\/p>\n<div id=\"attachment_15379\" style=\"width: 410px\" class=\"wp-caption aligncenter\"><a href=\"http:\/\/www.sudoestehoje.com.br\/novoportal\/wp-content\/uploads\/2012\/05\/DEM-Clodoald-Costa-03-maio.jpg\"><img decoding=\"async\" aria-describedby=\"caption-attachment-15379\" class=\" wp-image-15379 \" title=\"DEM Clodoald Costa 03 maio\" src=\"http:\/\/www.sudoestehoje.com.br\/novoportal\/wp-content\/uploads\/2012\/05\/DEM-Clodoald-Costa-03-maio.jpg\" alt=\"\" width=\"400\" \/><\/a><p id=\"caption-attachment-15379\" class=\"wp-caption-text\">Ex-prefeito Jos\u00e9 Ot\u00e1vio Curvelo falou para os moradores do Clodoaldo Costa e ratificou o seu apoio \u00e0 pr\u00e9-candidatura de Geraldo Trindade a prefeito de Itapetinga<\/p><\/div>\n<p>Nesta quinta-feira o encontro ocorreu na resid\u00eancia do Sr. Francisco, pai do pr\u00e9-candidato a vereador pelo DEM Paulo da Geladeira, contando com a presen\u00e7a de moradores do bairro Clodoaldo Costa, que puderam ouvir do ex-prefeito Jos\u00e9 Ot\u00e1vio Curvelo os motivos que o leva a apoiar incondicionalmente o nome do professor Geraldo Trindade, como futuro prefeito de Itapetinga. Tamb\u00e9m estiveram presentes os vereadores Naara Duarte e Benilson Leite.<\/p>\n<div id=\"attachment_15380\" style=\"width: 410px\" class=\"wp-caption aligncenter\"><a href=\"http:\/\/www.sudoestehoje.com.br\/novoportal\/wp-content\/uploads\/2012\/05\/DEM-aMERICO-NOG-01-MAIO.jpg\"><img decoding=\"async\" aria-describedby=\"caption-attachment-15380\" class=\" wp-image-15380 \" title=\"DEM aMERICO NOG 01 MAIO\" src=\"http:\/\/www.sudoestehoje.com.br\/novoportal\/wp-content\/uploads\/2012\/05\/DEM-aMERICO-NOG-01-MAIO-500x371.jpg\" alt=\"\" width=\"400\" srcset=\"https:\/\/www.sudoestehoje.com.br\/novoportal\/wp-content\/uploads\/2012\/05\/DEM-aMERICO-NOG-01-MAIO-500x371.jpg 500w, https:\/\/www.sudoestehoje.com.br\/novoportal\/wp-content\/uploads\/2012\/05\/DEM-aMERICO-NOG-01-MAIO.jpg 519w\" sizes=\"(max-width: 500px) 100vw, 500px\" \/><\/a><p id=\"caption-attachment-15380\" class=\"wp-caption-text\">Geraldo Trindade levou sua mensagem de renova\u00e7\u00e3o aos moradores do Am\u00e9rico Nogueira, que ficaram impressionados com a sua capacidade e conhecimento em administra\u00e7\u00e3o p\u00fablica.<\/p><\/div>\n<p>Na ter\u00e7a-feira feriado do dia do trabalhador a comitiva do DEM foi recebida pela terceira vez no Bairro Am\u00e9rico Nogueira, desta vez na resid\u00eancia do Sr. Carlos, integrante de uma das chapas que est\u00e1 concorrendo \u00e0 Presid\u00eancia da Associa\u00e7\u00e3o do Bairro, juntamente com o candidato a Presidente da Associa\u00e7\u00e3o Ricardo Silva e outros moradores.<!--more--><\/p>\n<p>CONFIRA AS FOTOS:<\/p>\n<p style=\"text-align: center;\"><a href=\"http:\/\/www.sudoestehoje.com.br\/novoportal\/wp-content\/uploads\/2012\/05\/dEM-aMERICO-nOGUE-01-MAIO.jpg\"><img decoding=\"async\" class=\"aligncenter  wp-image-15381\" title=\"dEM aMERICO nOGUE 01 MAIO\" src=\"http:\/\/www.sudoestehoje.com.br\/novoportal\/wp-content\/uploads\/2012\/05\/dEM-aMERICO-nOGUE-01-MAIO-500x368.jpg\" alt=\"\" width=\"400\" srcset=\"https:\/\/www.sudoestehoje.com.br\/novoportal\/wp-content\/uploads\/2012\/05\/dEM-aMERICO-nOGUE-01-MAIO-500x368.jpg 500w, https:\/\/www.sudoestehoje.com.br\/novoportal\/wp-content\/uploads\/2012\/05\/dEM-aMERICO-nOGUE-01-MAIO.jpg 525w\" sizes=\"(max-width: 500px) 100vw, 500px\" \/><\/a><\/p>\n<p style=\"text-align: center;\"><a href=\"http:\/\/www.sudoestehoje.com.br\/novoportal\/wp-content\/uploads\/2012\/05\/DEM-Clod-Costa-03-maio.jpg\"><img decoding=\"async\" class=\"aligncenter  wp-image-15382\" title=\"DEM Clod Costa 03 maio\" src=\"http:\/\/www.sudoestehoje.com.br\/novoportal\/wp-content\/uploads\/2012\/05\/DEM-Clod-Costa-03-maio.jpg\" alt=\"\" width=\"400\" \/><\/a><\/p>\n<p style=\"text-align: center;\"><a href=\"http:\/\/www.sudoestehoje.com.br\/novoportal\/wp-content\/uploads\/2012\/05\/DEM-clodoald-Costta-03-maio1.jpg\"><img decoding=\"async\" class=\"aligncenter  wp-image-15383\" title=\"DEM clodoald Costta 03 maio\" src=\"http:\/\/www.sudoestehoje.com.br\/novoportal\/wp-content\/uploads\/2012\/05\/DEM-clodoald-Costta-03-maio1.jpg\" alt=\"\" width=\"400\" \/><\/a><\/p>\n","protected":false},"excerpt":{"rendered":"<p>&nbsp; ITAPETINGA: Em atendimento \u00e0 legisla\u00e7\u00e3o eleitoral, o Democratas tem participado de reuni\u00f5es organizadas por simpatizantes e pr\u00e9-candidatos, para discutir os problemas dos bairros e distritos de Itapetinga e divulgar as ideias do seu pr\u00e9-candidato a prefeito Geraldo Trindade. Nesta quinta-feira o encontro ocorreu na resid\u00eancia do Sr. Francisco, pai do pr\u00e9-candidato a vereador pelo [&hellip;]<\/p>\n","protected":false},"author":2,"featured_media":0,"comment_status":"open","ping_status":"open","sticky":false,"template":"","format":"standard","meta":{"footnotes":"","_links_to":"","_links_to_target":""},"categories":[1],"tags":[],"class_list":["post-15373","post","type-post","status-publish","format-standard","hentry","category-geral"],"views":1513,"_links":{"self":[{"href":"https:\/\/www.sudoestehoje.com.br\/novoportal\/wp-json\/wp\/v2\/posts\/15373","targetHints":{"allow":["GET"]}}],"collection":[{"href":"https:\/\/www.sudoestehoje.com.br\/novoportal\/wp-json\/wp\/v2\/posts"}],"about":[{"href":"https:\/\/www.sudoestehoje.com.br\/novoportal\/wp-json\/wp\/v2\/types\/post"}],"author":[{"embeddable":true,"href":"https:\/\/www.sudoestehoje.com.br\/novoportal\/wp-json\/wp\/v2\/users\/2"}],"replies":[{"embeddable":true,"href":"https:\/\/www.sudoestehoje.com.br\/novoportal\/wp-json\/wp\/v2\/comments?post=15373"}],"version-history":[{"count":7,"href":"https:\/\/www.sudoestehoje.com.br\/novoportal\/wp-json\/wp\/v2\/posts\/15373\/revisions"}],"predecessor-version":[{"id":15387,"href":"https:\/\/www.sudoestehoje.com.br\/novoportal\/wp-json\/wp\/v2\/posts\/15373\/revisions\/15387"}],"wp:attachment":[{"href":"https:\/\/www.sudoestehoje.com.br\/novoportal\/wp-json\/wp\/v2\/media?parent=15373"}],"wp:term":[{"taxonomy":"category","embeddable":true,"href":"https:\/\/www.sudoestehoje.com.br\/novoportal\/wp-json\/wp\/v2\/categories?post=15373"},{"taxonomy":"post_tag","embeddable":true,"href":"https:\/\/www.sudoestehoje.com.br\/novoportal\/wp-json\/wp\/v2\/tags?post=15373"}],"curies":[{"name":"wp","href":"https:\/\/api.w.org\/{rel}","templated":true}]}}