
{"id":15365,"date":"2012-05-04T10:26:09","date_gmt":"2012-05-04T13:26:09","guid":{"rendered":"http:\/\/www.sudoestehoje.com.br\/novoportal\/?p=15365"},"modified":"2012-05-04T10:26:24","modified_gmt":"2012-05-04T13:26:24","slug":"itapetinga-petistas-desmentem-coordenador-da-comutran","status":"publish","type":"post","link":"https:\/\/www.sudoestehoje.com.br\/novoportal\/2012\/05\/04\/itapetinga-petistas-desmentem-coordenador-da-comutran\/","title":{"rendered":"ITAPETINGA: PT REBATE &#8216;ATAQUES&#8217; DO COORDENADOR DA COMUTRAN"},"content":{"rendered":"<p>&nbsp;<\/p>\n<div id=\"attachment_15369\" style=\"width: 410px\" class=\"wp-caption aligncenter\"><a href=\"http:\/\/www.sudoestehoje.com.br\/novoportal\/wp-content\/uploads\/2012\/05\/RENAN-GUSMAO.jpg\"><img decoding=\"async\" aria-describedby=\"caption-attachment-15369\" class=\" wp-image-15369 \" title=\"RENAN GUSMAO\" src=\"http:\/\/www.sudoestehoje.com.br\/novoportal\/wp-content\/uploads\/2012\/05\/RENAN-GUSMAO-500x375.jpg\" alt=\"\" width=\"400\" srcset=\"https:\/\/www.sudoestehoje.com.br\/novoportal\/wp-content\/uploads\/2012\/05\/RENAN-GUSMAO-500x375.jpg 500w, https:\/\/www.sudoestehoje.com.br\/novoportal\/wp-content\/uploads\/2012\/05\/RENAN-GUSMAO-1024x768.jpg 1024w\" sizes=\"(max-width: 500px) 100vw, 500px\" \/><\/a><p id=\"caption-attachment-15369\" class=\"wp-caption-text\">O &#39;ex-pacato&#39; Renan Gusm\u00e3o tem feito declara\u00e7\u00f5es pol\u00edticas pol\u00eamicas e agora dispara contra os petistas hist\u00f3ricos, adeptos da pr\u00e9-candidatura do empres\u00e1rio Miraldo Mota (Foto: Sudoeste Hoje)<\/p><\/div>\n<p>&nbsp;<\/p>\n<p>O PT de Itapetinga, n\u00e3o est\u00e1 tendo vida f\u00e1cil. Al\u00e9m da base \u201calienada\u201d do prefeito Z\u00e9 Carlos (PT), que dispara constantemente contra o partido, adjetivando sempre de &#8216;PTzinho&#8217;,\u00a0\u00a0agora o bicho come\u00e7ou a pegar internamente.<\/p>\n<p>Em uma entrevista concedida pelo ao programa &#8216;Chicote do Povo&#8217;, do radialista Amaral Junior, o Coordenador da Comutran, Renan Gusm\u00e3o, desconsiderou a exist\u00eancia da pr\u00e9-candidatura de Miraldo Mota, falou em nome do partido e desconheceu a realiza\u00e7\u00e3o de pr\u00e9vias para escolha escolha dos candidatos, que \u00e9 um processo natural e democr\u00e1tico previsto no Estatuto do PT \u00a0e que est\u00e1 sendo conduzido pela Executiva Estadual do partido.<\/p>\n<p>Ao questionarmos alguns petistas locais sobre o assunto, a nossa reda\u00e7\u00e3o obteve de um deles as seguintes respostas: \u00a0<em>&#8220;o Sr. Renan Gusm\u00e3o\u00a0n\u00e3o \u00e9 filiado ao Partido dos Trabalhadores \u2013 PT, portanto, ele jamais poderia falar em nome do partido. S\u00f3 uma pessoa desavisada como ele para fazer tais afirma\u00e7\u00f5es, pois o presidente Estadual Jonas Paulo \u00a0j\u00e1\u00a0\u00a0se encontra tomando todas as provid\u00eancias para realiza\u00e7\u00e3o do nosso encontro, que j\u00e1 tem data marcada e nele, ap\u00f3s avaliarmos todas as condicionantes\u00a0\u00a0j\u00e1\u00a0\u00a0pr\u00e9-estabelecidas,\u00a0\u00a0revelaremos a popula\u00e7\u00e3o quem de fato ser\u00e1 o nosso candidato. E com certeza, o Sr. Renan n\u00e3o participar\u00e1 nem votar\u00e1 nesse processo, pois o mesmo tem participado de reuni\u00f5es nossa, na condi\u00e7\u00e3o de &#8216;intruso&#8217; e certamente ser\u00e1 barrado no pr\u00f3ximo evento. Afirmamos ainda que o Sr. Renan, quando ocupava um cargo de menor import\u00e2ncia, pensava bem diferente a respeito do atual prefeito.\u00a0\u00a0Quem ser\u00e1 que mudou, foi a qualidade das a\u00e7\u00f5es do governo municipal, ou a qualidade de vida de Renan?&#8221;<\/em>, concluem os petistas.<\/p>\n<p>Pelo visto, as coisas v\u00e3o esquentar dentro do PT de Itapetinga, at\u00e9 a decis\u00e3o final que culminar\u00e1 com a escolha do candidato do partido. D\u00e1 Z\u00e9 Carlos ou Miraldo Mota?<\/p>\n<p><em><strong>Da Reda\u00e7\u00e3o<\/strong><\/em><\/p>\n<p><span style=\"font-family: Calibri; font-size: x-small;\"><br \/>\n<\/span><\/p>\n<p><span style=\"font-family: Calibri; font-size: x-small;\"><br \/>\n<\/span><\/p>\n","protected":false},"excerpt":{"rendered":"<p>&nbsp; &nbsp; O PT de Itapetinga, n\u00e3o est\u00e1 tendo vida f\u00e1cil. Al\u00e9m da base \u201calienada\u201d do prefeito Z\u00e9 Carlos (PT), que dispara constantemente contra o partido, adjetivando sempre de &#8216;PTzinho&#8217;,\u00a0\u00a0agora o bicho come\u00e7ou a pegar internamente. Em uma entrevista concedida pelo ao programa &#8216;Chicote do Povo&#8217;, do radialista Amaral Junior, o Coordenador da Comutran, Renan [&hellip;]<\/p>\n","protected":false},"author":2,"featured_media":0,"comment_status":"open","ping_status":"open","sticky":false,"template":"","format":"standard","meta":{"footnotes":"","_links_to":"","_links_to_target":""},"categories":[1],"tags":[],"class_list":["post-15365","post","type-post","status-publish","format-standard","hentry","category-geral"],"views":1744,"_links":{"self":[{"href":"https:\/\/www.sudoestehoje.com.br\/novoportal\/wp-json\/wp\/v2\/posts\/15365","targetHints":{"allow":["GET"]}}],"collection":[{"href":"https:\/\/www.sudoestehoje.com.br\/novoportal\/wp-json\/wp\/v2\/posts"}],"about":[{"href":"https:\/\/www.sudoestehoje.com.br\/novoportal\/wp-json\/wp\/v2\/types\/post"}],"author":[{"embeddable":true,"href":"https:\/\/www.sudoestehoje.com.br\/novoportal\/wp-json\/wp\/v2\/users\/2"}],"replies":[{"embeddable":true,"href":"https:\/\/www.sudoestehoje.com.br\/novoportal\/wp-json\/wp\/v2\/comments?post=15365"}],"version-history":[{"count":8,"href":"https:\/\/www.sudoestehoje.com.br\/novoportal\/wp-json\/wp\/v2\/posts\/15365\/revisions"}],"predecessor-version":[{"id":15388,"href":"https:\/\/www.sudoestehoje.com.br\/novoportal\/wp-json\/wp\/v2\/posts\/15365\/revisions\/15388"}],"wp:attachment":[{"href":"https:\/\/www.sudoestehoje.com.br\/novoportal\/wp-json\/wp\/v2\/media?parent=15365"}],"wp:term":[{"taxonomy":"category","embeddable":true,"href":"https:\/\/www.sudoestehoje.com.br\/novoportal\/wp-json\/wp\/v2\/categories?post=15365"},{"taxonomy":"post_tag","embeddable":true,"href":"https:\/\/www.sudoestehoje.com.br\/novoportal\/wp-json\/wp\/v2\/tags?post=15365"}],"curies":[{"name":"wp","href":"https:\/\/api.w.org\/{rel}","templated":true}]}}