
{"id":15354,"date":"2012-05-03T22:53:44","date_gmt":"2012-05-04T01:53:44","guid":{"rendered":"http:\/\/www.sudoestehoje.com.br\/novoportal\/?p=15354"},"modified":"2012-05-03T22:53:44","modified_gmt":"2012-05-04T01:53:44","slug":"arnaldo-texeira-participa-das-homenagens-ao-dia-do-trabalhador","status":"publish","type":"post","link":"https:\/\/www.sudoestehoje.com.br\/novoportal\/2012\/05\/03\/arnaldo-texeira-participa-das-homenagens-ao-dia-do-trabalhador\/","title":{"rendered":"ARNALDO TEXEIRA PARTICIPA DAS HOMENAGENS AO DIA DO TRABALHADOR"},"content":{"rendered":"<div id=\"attachment_15356\" style=\"width: 410px\" class=\"wp-caption aligncenter\"><a href=\"http:\/\/www.sudoestehoje.com.br\/novoportal\/wp-content\/uploads\/2012\/05\/ARNALDO-TEIX.jpg\"><img decoding=\"async\" aria-describedby=\"caption-attachment-15356\" class=\" wp-image-15356 \" title=\"ARNALDO TEIX\" src=\"http:\/\/www.sudoestehoje.com.br\/novoportal\/wp-content\/uploads\/2012\/05\/ARNALDO-TEIX-500x375.jpg\" alt=\"\" width=\"400\" srcset=\"https:\/\/www.sudoestehoje.com.br\/novoportal\/wp-content\/uploads\/2012\/05\/ARNALDO-TEIX-500x375.jpg 500w, https:\/\/www.sudoestehoje.com.br\/novoportal\/wp-content\/uploads\/2012\/05\/ARNALDO-TEIX.jpg 640w\" sizes=\"(max-width: 500px) 100vw, 500px\" \/><\/a><p id=\"caption-attachment-15356\" class=\"wp-caption-text\">Pastor Odinei n\u00e3o escondeu a sua simpatia pela pr\u00e9-candidatura do m\u00e9dico Arnaldo Teixeira \u00e0 prefeitura de Itapetinga<\/p><\/div>\n<p>ITAPETINGA: Todos os anos a 2\u00aa Igreja Batista de Itapetinga homenageia um seguimento dos trabalhadores, nas comemora\u00e7\u00f5es do dia do Trabalhador. Este ano, a classe escolhida foi a dos profissionais da sa\u00fade do munic\u00edpio, com a realiza\u00e7\u00e3o de um culto, acompanhado de um caf\u00e9 da manh\u00e3. O pr\u00e9-candidato a prefeito pelo PR, \u00a0Arnaldo Texeira, m\u00e9dico conceituado na regi\u00e3o, esteve presente entre os homenageados, sendo congratulado por in\u00fameros amigos e simpatizantes da sua pr\u00e9-candidatura a prefeito de Itapetinga.<\/p>\n<div id=\"attachment_15355\" style=\"width: 410px\" class=\"wp-caption aligncenter\"><a href=\"http:\/\/www.sudoestehoje.com.br\/novoportal\/wp-content\/uploads\/2012\/05\/ARNALDO-TEIXEIRA.jpg\"><img decoding=\"async\" aria-describedby=\"caption-attachment-15355\" class=\" wp-image-15355 \" title=\"ARNALDO TEIXEIRA\" src=\"http:\/\/www.sudoestehoje.com.br\/novoportal\/wp-content\/uploads\/2012\/05\/ARNALDO-TEIXEIRA-500x375.jpg\" alt=\"\" width=\"400\" srcset=\"https:\/\/www.sudoestehoje.com.br\/novoportal\/wp-content\/uploads\/2012\/05\/ARNALDO-TEIXEIRA-500x375.jpg 500w, https:\/\/www.sudoestehoje.com.br\/novoportal\/wp-content\/uploads\/2012\/05\/ARNALDO-TEIXEIRA.jpg 640w\" sizes=\"(max-width: 500px) 100vw, 500px\" \/><\/a><p id=\"caption-attachment-15355\" class=\"wp-caption-text\">Diretores do Sindicato dos Servidores recepcionaram o pr\u00e9-candidato Arnaldo Teixeira, que goza de grande prest\u00edgio junto \u00e0 classe<\/p><\/div>\n<p align=\"center\">\n<p>Logo depois, Arnaldo Texeira se fez presente na festa dos servidores p\u00fablicos municipais, realizada pelo SINDITATIBA, no BNB Clube. \u00a0Durante o evento pode-se constatar o apoio de in\u00fameras lideran\u00e7as \u00e0 pr\u00e9-candidatura de Arnaldo Teixeira, que ouviu, mais uma vez, as in\u00fameras queixas dos servidores municipais em rela\u00e7\u00e3o ao tratamento da atual administra\u00e7\u00e3o para com a classe.<\/p>\n<p><strong><em>Ascom PR Itapetinga<\/em><\/strong><\/p>\n<p style=\"text-align: left;\" align=\"center\">\n","protected":false},"excerpt":{"rendered":"<p>ITAPETINGA: Todos os anos a 2\u00aa Igreja Batista de Itapetinga homenageia um seguimento dos trabalhadores, nas comemora\u00e7\u00f5es do dia do Trabalhador. Este ano, a classe escolhida foi a dos profissionais da sa\u00fade do munic\u00edpio, com a realiza\u00e7\u00e3o de um culto, acompanhado de um caf\u00e9 da manh\u00e3. O pr\u00e9-candidato a prefeito pelo PR, \u00a0Arnaldo Texeira, m\u00e9dico [&hellip;]<\/p>\n","protected":false},"author":2,"featured_media":0,"comment_status":"open","ping_status":"open","sticky":false,"template":"","format":"standard","meta":{"footnotes":"","_links_to":"","_links_to_target":""},"categories":[1],"tags":[],"class_list":["post-15354","post","type-post","status-publish","format-standard","hentry","category-geral"],"views":1546,"_links":{"self":[{"href":"https:\/\/www.sudoestehoje.com.br\/novoportal\/wp-json\/wp\/v2\/posts\/15354","targetHints":{"allow":["GET"]}}],"collection":[{"href":"https:\/\/www.sudoestehoje.com.br\/novoportal\/wp-json\/wp\/v2\/posts"}],"about":[{"href":"https:\/\/www.sudoestehoje.com.br\/novoportal\/wp-json\/wp\/v2\/types\/post"}],"author":[{"embeddable":true,"href":"https:\/\/www.sudoestehoje.com.br\/novoportal\/wp-json\/wp\/v2\/users\/2"}],"replies":[{"embeddable":true,"href":"https:\/\/www.sudoestehoje.com.br\/novoportal\/wp-json\/wp\/v2\/comments?post=15354"}],"version-history":[{"count":3,"href":"https:\/\/www.sudoestehoje.com.br\/novoportal\/wp-json\/wp\/v2\/posts\/15354\/revisions"}],"predecessor-version":[{"id":15359,"href":"https:\/\/www.sudoestehoje.com.br\/novoportal\/wp-json\/wp\/v2\/posts\/15354\/revisions\/15359"}],"wp:attachment":[{"href":"https:\/\/www.sudoestehoje.com.br\/novoportal\/wp-json\/wp\/v2\/media?parent=15354"}],"wp:term":[{"taxonomy":"category","embeddable":true,"href":"https:\/\/www.sudoestehoje.com.br\/novoportal\/wp-json\/wp\/v2\/categories?post=15354"},{"taxonomy":"post_tag","embeddable":true,"href":"https:\/\/www.sudoestehoje.com.br\/novoportal\/wp-json\/wp\/v2\/tags?post=15354"}],"curies":[{"name":"wp","href":"https:\/\/api.w.org\/{rel}","templated":true}]}}