
{"id":15334,"date":"2012-05-02T21:59:36","date_gmt":"2012-05-03T00:59:36","guid":{"rendered":"http:\/\/www.sudoestehoje.com.br\/novoportal\/?p=15334"},"modified":"2012-05-02T23:25:05","modified_gmt":"2012-05-03T02:25:05","slug":"supremo-decide-a-favor-dos-indios-pataxos-do-sul-da-bahia","status":"publish","type":"post","link":"https:\/\/www.sudoestehoje.com.br\/novoportal\/2012\/05\/02\/supremo-decide-a-favor-dos-indios-pataxos-do-sul-da-bahia\/","title":{"rendered":"SUPREMO DECIDE A FAVOR DOS \u00cdNDIOS PATAX\u00d3S DO SUL DA BAHIA"},"content":{"rendered":"<p><img decoding=\"async\" class=\"aligncenter\" src=\"http:\/\/bahiaempauta.com.br\/wp-content\/uploads\/2012\/02\/Pataxos.jpg\" alt=\"\" \/><\/p>\n<p>&nbsp;<\/p>\n<p>BRAS\u00cdLIA &#8211; Depois de d\u00e9cadas de disputa, os \u00edndios patax\u00f3s obtiveram nesta quarta-feira, 2,\u00a0o reconhecimento do direito \u00e0s terras na reserva Caramuru-Catarina Paraguassu, no sul da Bahia. O Supremo Tribunal Federal (STF) concluiu que s\u00e3o nulos todos os t\u00edtulos de propriedades concedidos a fazendeiros e agricultores sobre glebas localizadas dentro da reserva, que tem uma \u00e1rea de 54 mil hectares.<\/p>\n<p>A regi\u00e3o tem registrado frequentes conflitos por causa da posse das terras. No final de abril, por exemplo, um \u00edndio levou um tiro na perna. Apesar de o processo sobre a \u00e1rea patax\u00f3 n\u00e3o constar da pauta de julgamentos do STF prevista para esta quarta, a ministra C\u00e1rmen L\u00facia pediu que a a\u00e7\u00e3o fosse julgada diante da urg\u00eancia e gravidade. &#8220;Trata-se de um caso ins\u00f3lito, excepcional. A situa\u00e7\u00e3o \u00e9 de extrema conflituosidade&#8221;, afirmou o presidente do tribunal, Carlos Ayres Britto.<\/p>\n<p>O STF n\u00e3o deliberou a respeito de indeniza\u00e7\u00f5es por benfeitorias nem sobre a desocupa\u00e7\u00e3o das terras por parte dos fazendeiros. A decis\u00e3o atinge propriet\u00e1rios de terras nos munic\u00edpios de Camacan, Pau Brasil e Itaju do Col\u00f4nia, e beneficia os \u00edndios da tribo Patax\u00f3\u00a0H\u00e3 H\u00e3 H\u00e3e, que receber\u00e3o de volta cerca de 2.800 alqueir\u00f5es de terras da reserva original.<\/p>\n<p><strong><em>Da Reda\u00e7\u00e3o<\/em><\/strong><\/p>\n","protected":false},"excerpt":{"rendered":"<p>&nbsp; BRAS\u00cdLIA &#8211; Depois de d\u00e9cadas de disputa, os \u00edndios patax\u00f3s obtiveram nesta quarta-feira, 2,\u00a0o reconhecimento do direito \u00e0s terras na reserva Caramuru-Catarina Paraguassu, no sul da Bahia. O Supremo Tribunal Federal (STF) concluiu que s\u00e3o nulos todos os t\u00edtulos de propriedades concedidos a fazendeiros e agricultores sobre glebas localizadas dentro da reserva, que tem [&hellip;]<\/p>\n","protected":false},"author":2,"featured_media":0,"comment_status":"open","ping_status":"open","sticky":false,"template":"","format":"standard","meta":{"footnotes":"","_links_to":"","_links_to_target":""},"categories":[1],"tags":[],"class_list":["post-15334","post","type-post","status-publish","format-standard","hentry","category-geral"],"views":1240,"_links":{"self":[{"href":"https:\/\/www.sudoestehoje.com.br\/novoportal\/wp-json\/wp\/v2\/posts\/15334","targetHints":{"allow":["GET"]}}],"collection":[{"href":"https:\/\/www.sudoestehoje.com.br\/novoportal\/wp-json\/wp\/v2\/posts"}],"about":[{"href":"https:\/\/www.sudoestehoje.com.br\/novoportal\/wp-json\/wp\/v2\/types\/post"}],"author":[{"embeddable":true,"href":"https:\/\/www.sudoestehoje.com.br\/novoportal\/wp-json\/wp\/v2\/users\/2"}],"replies":[{"embeddable":true,"href":"https:\/\/www.sudoestehoje.com.br\/novoportal\/wp-json\/wp\/v2\/comments?post=15334"}],"version-history":[{"count":6,"href":"https:\/\/www.sudoestehoje.com.br\/novoportal\/wp-json\/wp\/v2\/posts\/15334\/revisions"}],"predecessor-version":[{"id":15337,"href":"https:\/\/www.sudoestehoje.com.br\/novoportal\/wp-json\/wp\/v2\/posts\/15334\/revisions\/15337"}],"wp:attachment":[{"href":"https:\/\/www.sudoestehoje.com.br\/novoportal\/wp-json\/wp\/v2\/media?parent=15334"}],"wp:term":[{"taxonomy":"category","embeddable":true,"href":"https:\/\/www.sudoestehoje.com.br\/novoportal\/wp-json\/wp\/v2\/categories?post=15334"},{"taxonomy":"post_tag","embeddable":true,"href":"https:\/\/www.sudoestehoje.com.br\/novoportal\/wp-json\/wp\/v2\/tags?post=15334"}],"curies":[{"name":"wp","href":"https:\/\/api.w.org\/{rel}","templated":true}]}}