
{"id":15327,"date":"2012-05-02T21:22:16","date_gmt":"2012-05-03T00:22:16","guid":{"rendered":"http:\/\/www.sudoestehoje.com.br\/novoportal\/?p=15327"},"modified":"2012-05-02T21:36:16","modified_gmt":"2012-05-03T00:36:16","slug":"wagner-corta-credito-dos-professores-na-cesta-do-povo","status":"publish","type":"post","link":"https:\/\/www.sudoestehoje.com.br\/novoportal\/2012\/05\/02\/wagner-corta-credito-dos-professores-na-cesta-do-povo\/","title":{"rendered":"WAGNER CORTA CR\u00c9DITO DOS PROFESSORES NA CESTA DO POVO"},"content":{"rendered":"<p><img decoding=\"async\" class=\"aligncenter\" src=\"http:\/\/4.bp.blogspot.com\/_ZAVRuk7QHmU\/S1Rltm6r1kI\/AAAAAAAABKA\/vN3SjqH55zc\/s320\/Imagem_Cesta_do_Povo.jpg\" alt=\"\" width=\"350\" \/><\/p>\n<p style=\"text-align: center;\"><em>Governo fechou as portas da Cesta do Povo para os professores<\/em><\/p>\n<p>&nbsp;<\/p>\n<p>Professores da rede estadual de ensino est\u00e3o p\u00eas da vida com o governador Jaques Wagner, que cortou sal\u00e1rio de grevistas e at\u00e9 mesmo o cr\u00e9dito para compras na Cesta do Povo (CredCesta).<\/p>\n<p>A surpresa, segundo relatam alguns educadores, foi descoberta na hora da compra na rede de supermercados estatal \u2013 e na boca do caixa.<\/p>\n<p>\u201cNosso CredCesta est\u00e1 zerado tamb\u00e9m. N\u00e3o temos como fazer nem feira. Ele [Wagner] quer que a gente mora de fome e volte pra sala de aula sem nada\u201d, diz texto de protesto dos professores. Tornou-se viral nas redes sociais.<\/p>\n<p><strong><em>Pimenta<\/em><\/strong><\/p>\n","protected":false},"excerpt":{"rendered":"<p>Governo fechou as portas da Cesta do Povo para os professores &nbsp; Professores da rede estadual de ensino est\u00e3o p\u00eas da vida com o governador Jaques Wagner, que cortou sal\u00e1rio de grevistas e at\u00e9 mesmo o cr\u00e9dito para compras na Cesta do Povo (CredCesta). A surpresa, segundo relatam alguns educadores, foi descoberta na hora da [&hellip;]<\/p>\n","protected":false},"author":2,"featured_media":0,"comment_status":"open","ping_status":"open","sticky":false,"template":"","format":"standard","meta":{"footnotes":"","_links_to":"","_links_to_target":""},"categories":[1],"tags":[],"class_list":["post-15327","post","type-post","status-publish","format-standard","hentry","category-geral"],"views":1122,"_links":{"self":[{"href":"https:\/\/www.sudoestehoje.com.br\/novoportal\/wp-json\/wp\/v2\/posts\/15327","targetHints":{"allow":["GET"]}}],"collection":[{"href":"https:\/\/www.sudoestehoje.com.br\/novoportal\/wp-json\/wp\/v2\/posts"}],"about":[{"href":"https:\/\/www.sudoestehoje.com.br\/novoportal\/wp-json\/wp\/v2\/types\/post"}],"author":[{"embeddable":true,"href":"https:\/\/www.sudoestehoje.com.br\/novoportal\/wp-json\/wp\/v2\/users\/2"}],"replies":[{"embeddable":true,"href":"https:\/\/www.sudoestehoje.com.br\/novoportal\/wp-json\/wp\/v2\/comments?post=15327"}],"version-history":[{"count":6,"href":"https:\/\/www.sudoestehoje.com.br\/novoportal\/wp-json\/wp\/v2\/posts\/15327\/revisions"}],"predecessor-version":[{"id":15333,"href":"https:\/\/www.sudoestehoje.com.br\/novoportal\/wp-json\/wp\/v2\/posts\/15327\/revisions\/15333"}],"wp:attachment":[{"href":"https:\/\/www.sudoestehoje.com.br\/novoportal\/wp-json\/wp\/v2\/media?parent=15327"}],"wp:term":[{"taxonomy":"category","embeddable":true,"href":"https:\/\/www.sudoestehoje.com.br\/novoportal\/wp-json\/wp\/v2\/categories?post=15327"},{"taxonomy":"post_tag","embeddable":true,"href":"https:\/\/www.sudoestehoje.com.br\/novoportal\/wp-json\/wp\/v2\/tags?post=15327"}],"curies":[{"name":"wp","href":"https:\/\/api.w.org\/{rel}","templated":true}]}}