
{"id":15324,"date":"2012-05-02T18:13:32","date_gmt":"2012-05-02T21:13:32","guid":{"rendered":"http:\/\/www.sudoestehoje.com.br\/novoportal\/?p=15324"},"modified":"2012-05-02T18:13:32","modified_gmt":"2012-05-02T21:13:32","slug":"desabafo-de-um-professor","status":"publish","type":"post","link":"https:\/\/www.sudoestehoje.com.br\/novoportal\/2012\/05\/02\/desabafo-de-um-professor\/","title":{"rendered":"DESABAFO DE UM PROFESSOR"},"content":{"rendered":"<p><img decoding=\"async\" class=\"aligncenter\" src=\"http:\/\/4.bp.blogspot.com\/-O-nIoYFMr30\/TyCrMqHQuGI\/AAAAAAAABSc\/hREL8ZWtSb4\/s1600\/opiniao.jpg\" alt=\"\" width=\"400\" \/><\/p>\n<p>Recebemos, atrav\u00e9s de um coment\u00e1rio no site, este desabafo de um professor da rede estadual, inconformado com o tratamento vergonhoso que a classe vem recebendo do Governo do Estado<\/p>\n<p><em>&#8220;Amigo e colega Professor Dr Davi.<\/em><br \/>\n<em>N\u00e3o sei se ajuda mas a inten\u00e7\u00e3o \u00e9 essa.<\/em><br \/>\n<em>Hoje, 02\/05\/2012, acabei de entregar minha filia\u00e7\u00e3o \u00e0 APLB.Nunca fui sindicalista, sou r\u00e9u confesso, mas sent\u00ed-me na obriga\u00e7\u00e3o de juntar-me a essa causa.<\/em><br \/>\n<em>Na atual situa\u00e7\u00e3o em que se encontra os professores de Rede Estadual de Ensino, sinto-me na obriga\u00e7\u00e3o de opnar. N\u00e3o \u00e9 poss\u00edvel que uma categoria consciente como a dos professores se deixe intimidar sem ao menos ser ouvida pelos \u00f3rg\u00e3os competentes, com o corte de sal\u00e1rios. \u00c9 vergonhoso que um governo, patr\u00e3o, chefe, eleito pelo povo e que se diz do povo, atinja logo o calcanhar de Aquiles, a barriga, de uma categoria t\u00e3o importante para a forma\u00e7\u00e3o da cidadania de nossos jovens.<\/em><br \/>\n<em>N\u00f3s temos alunos, amigos, parentes, afilhados, ex-alunos etc. Na verdade, somos iguais \u00e0s formigas. Unidos podemos ser realmente fortes sem precisar ferir os poderes constitu\u00eddos.<\/em><br \/>\n<em>Em Itapetinga, o tiro saiu pela culatra\u2026 A paralisa\u00e7\u00e3o saiu fortalecida ap\u00f3s os cortes do sal\u00e1rio.<\/em><br \/>\n<em>Como sabemos que a educa\u00e7\u00e3o \u00e9 um processo social que resulta em desenvolvimento, cabe a\u00ed muita reflex\u00e3o. N\u00e3o \u00e9 a prepara\u00e7\u00e3o para a vida, \u00e9 a pr\u00f3pria vida.<\/em><br \/>\n<em>O jovem de hoje \u00e9 o cidad\u00e3o de amanh\u00e3, que al\u00e9m da fam\u00edlia, passa pela Escola, e que para ter uma boa forma\u00e7\u00e3o, precisa ser orientado por professores que no m\u00ednimo sejam ouvidos e respeitados.<\/em><br \/>\n<em>Vamos apelar para o consenso de ambas as partes, e que numa mesa de negocia\u00e7\u00e3o, se chegue a um acordo, mas no momento, em assembl\u00e9ia, foi decidido que a paralisa\u00e7\u00e3o em Itapetinga, continua.<\/em><br \/>\n<em>Aproveito esse espa\u00e7o tamb\u00e9m para pedir desculpas a meus alunos pela aus\u00eancia na sala de aula, mas infelizmente, nossa vida n\u00e3o \u00e9 s\u00f3 alegrias. Todos n\u00f3s temos nossos momentos de tristeza!\u2026&#8221;\u00a0<\/em><\/p>\n<p><em>Prof. J. Claudio Morais, do Col\u00e9gio Estadual Alfredo Dutra<\/em><\/p>\n","protected":false},"excerpt":{"rendered":"<p>Recebemos, atrav\u00e9s de um coment\u00e1rio no site, este desabafo de um professor da rede estadual, inconformado com o tratamento vergonhoso que a classe vem recebendo do Governo do Estado &#8220;Amigo e colega Professor Dr Davi. N\u00e3o sei se ajuda mas a inten\u00e7\u00e3o \u00e9 essa. Hoje, 02\/05\/2012, acabei de entregar minha filia\u00e7\u00e3o \u00e0 APLB.Nunca fui sindicalista, [&hellip;]<\/p>\n","protected":false},"author":2,"featured_media":0,"comment_status":"open","ping_status":"open","sticky":false,"template":"","format":"standard","meta":{"footnotes":"","_links_to":"","_links_to_target":""},"categories":[1],"tags":[],"class_list":["post-15324","post","type-post","status-publish","format-standard","hentry","category-geral"],"views":1824,"_links":{"self":[{"href":"https:\/\/www.sudoestehoje.com.br\/novoportal\/wp-json\/wp\/v2\/posts\/15324","targetHints":{"allow":["GET"]}}],"collection":[{"href":"https:\/\/www.sudoestehoje.com.br\/novoportal\/wp-json\/wp\/v2\/posts"}],"about":[{"href":"https:\/\/www.sudoestehoje.com.br\/novoportal\/wp-json\/wp\/v2\/types\/post"}],"author":[{"embeddable":true,"href":"https:\/\/www.sudoestehoje.com.br\/novoportal\/wp-json\/wp\/v2\/users\/2"}],"replies":[{"embeddable":true,"href":"https:\/\/www.sudoestehoje.com.br\/novoportal\/wp-json\/wp\/v2\/comments?post=15324"}],"version-history":[{"count":2,"href":"https:\/\/www.sudoestehoje.com.br\/novoportal\/wp-json\/wp\/v2\/posts\/15324\/revisions"}],"predecessor-version":[{"id":15326,"href":"https:\/\/www.sudoestehoje.com.br\/novoportal\/wp-json\/wp\/v2\/posts\/15324\/revisions\/15326"}],"wp:attachment":[{"href":"https:\/\/www.sudoestehoje.com.br\/novoportal\/wp-json\/wp\/v2\/media?parent=15324"}],"wp:term":[{"taxonomy":"category","embeddable":true,"href":"https:\/\/www.sudoestehoje.com.br\/novoportal\/wp-json\/wp\/v2\/categories?post=15324"},{"taxonomy":"post_tag","embeddable":true,"href":"https:\/\/www.sudoestehoje.com.br\/novoportal\/wp-json\/wp\/v2\/tags?post=15324"}],"curies":[{"name":"wp","href":"https:\/\/api.w.org\/{rel}","templated":true}]}}