
{"id":1529,"date":"2010-10-28T14:24:33","date_gmt":"2010-10-28T17:24:33","guid":{"rendered":"http:\/\/www.sudoestehoje.com.br\/novoportal\/?p=1529"},"modified":"2010-10-28T18:34:20","modified_gmt":"2010-10-28T21:34:20","slug":"cultivo-de-laranja","status":"publish","type":"post","link":"https:\/\/www.sudoestehoje.com.br\/novoportal\/2010\/10\/28\/cultivo-de-laranja\/","title":{"rendered":"ESC\u00c2NDALO: ITAPETINGA INVESTE NO CULTIVO DE &#8216;LARANJAS&#8217;"},"content":{"rendered":"<p style=\"text-align: center;\"><img decoding=\"async\" src=\"http:\/\/www.ummetrossexual.com\/wp-content\/uploads\/2009\/11\/laranja.jpg\" alt=\"\" \/><\/p>\n<p>\u00a0<\/p>\n<p>ITAPETINGA: Segundo as declara\u00e7\u00f5es do deputado Uldurico Pinto, no seu programa di\u00e1rio na R\u00e1dio Jornal, Itapetinga perdeu a voca\u00e7\u00e3o para a pecu\u00e1ria e agora pode partir para o plantio de &#8216;laranja&#8217;, pois o terreno \u00e9 f\u00e9rtil. O &#8216;home&#8217; apontou v\u00e1rios &#8216;laranjas&#8217; a servi\u00e7o da corrup\u00e7\u00e3o que ele diz estar instalada na prefeitura e disse at\u00e9 que\u00a0o QG do laranjal e da corrup\u00e7\u00e3o fica nos andares superiores do pr\u00e9dio do Rancho, onde funcionaria uma empresa fantasma de publicidade e uma imobili\u00e1ria do secret\u00e1rio Zen\u00f3bio, que, segundo ele, aluga casas da parentada do prefeito para a pr\u00f3pria prefeitura.\u00a0<\/p>\n<p>O mais impressionante disto tudo \u00e9 que o deputado vem fazendo as mesmas den\u00fancias desde a semana passada e ningu\u00e9m responde nada. Hoje, Uldurico desqualificou o prefeito chamando-o de &#8220;prefeito ladr\u00e3o&#8221;, repetidas vezes, denunciando supostos laranjas,\u00a0dando nomes aos &#8216;bois&#8217;, e\u00a0ligando essas pessoas ao irm\u00e3o do prefeito, que \u00e9 o secret\u00e1rio da fazenda no munic\u00edpio.<\/p>\n<p>Numa circunst\u00e2ncia destas, s\u00f3 resta ao prefeito Z\u00e9 Carlos a sa\u00edda adotada por Lula no &#8216;caso Erenice&#8217;: demitir os supostos envolvidos e mandar apurar as irregularidades, doa em quem doer. Se n\u00e3o agir assim, fica mais desmoralizado e avacalhado do que j\u00e1 est\u00e1.<\/p>\n<p>Lembram que eu avisei?<\/p>\n<p>Davi Ferraz<\/p>\n","protected":false},"excerpt":{"rendered":"<p>\u00a0 ITAPETINGA: Segundo as declara\u00e7\u00f5es do deputado Uldurico Pinto, no seu programa di\u00e1rio na R\u00e1dio Jornal, Itapetinga perdeu a voca\u00e7\u00e3o para a pecu\u00e1ria e agora pode partir para o plantio de &#8216;laranja&#8217;, pois o terreno \u00e9 f\u00e9rtil. O &#8216;home&#8217; apontou v\u00e1rios &#8216;laranjas&#8217; a servi\u00e7o da corrup\u00e7\u00e3o que ele diz estar instalada na prefeitura e disse [&hellip;]<\/p>\n","protected":false},"author":2,"featured_media":0,"comment_status":"open","ping_status":"open","sticky":false,"template":"","format":"standard","meta":{"footnotes":"","_links_to":"","_links_to_target":""},"categories":[10],"tags":[],"class_list":["post-1529","post","type-post","status-publish","format-standard","hentry","category-itapetinga"],"views":2753,"_links":{"self":[{"href":"https:\/\/www.sudoestehoje.com.br\/novoportal\/wp-json\/wp\/v2\/posts\/1529","targetHints":{"allow":["GET"]}}],"collection":[{"href":"https:\/\/www.sudoestehoje.com.br\/novoportal\/wp-json\/wp\/v2\/posts"}],"about":[{"href":"https:\/\/www.sudoestehoje.com.br\/novoportal\/wp-json\/wp\/v2\/types\/post"}],"author":[{"embeddable":true,"href":"https:\/\/www.sudoestehoje.com.br\/novoportal\/wp-json\/wp\/v2\/users\/2"}],"replies":[{"embeddable":true,"href":"https:\/\/www.sudoestehoje.com.br\/novoportal\/wp-json\/wp\/v2\/comments?post=1529"}],"version-history":[{"count":4,"href":"https:\/\/www.sudoestehoje.com.br\/novoportal\/wp-json\/wp\/v2\/posts\/1529\/revisions"}],"predecessor-version":[{"id":1532,"href":"https:\/\/www.sudoestehoje.com.br\/novoportal\/wp-json\/wp\/v2\/posts\/1529\/revisions\/1532"}],"wp:attachment":[{"href":"https:\/\/www.sudoestehoje.com.br\/novoportal\/wp-json\/wp\/v2\/media?parent=1529"}],"wp:term":[{"taxonomy":"category","embeddable":true,"href":"https:\/\/www.sudoestehoje.com.br\/novoportal\/wp-json\/wp\/v2\/categories?post=1529"},{"taxonomy":"post_tag","embeddable":true,"href":"https:\/\/www.sudoestehoje.com.br\/novoportal\/wp-json\/wp\/v2\/tags?post=1529"}],"curies":[{"name":"wp","href":"https:\/\/api.w.org\/{rel}","templated":true}]}}