
{"id":15287,"date":"2012-05-01T18:17:25","date_gmt":"2012-05-01T21:17:25","guid":{"rendered":"http:\/\/www.sudoestehoje.com.br\/novoportal\/?p=15287"},"modified":"2012-05-01T18:37:34","modified_gmt":"2012-05-01T21:37:34","slug":"governo-mente-para-a-imprensa-sobre-contra-cheques-dos-professores","status":"publish","type":"post","link":"https:\/\/www.sudoestehoje.com.br\/novoportal\/2012\/05\/01\/governo-mente-para-a-imprensa-sobre-contra-cheques-dos-professores\/","title":{"rendered":"GOVERNO MENTE PARA A IMPRENSA SOBRE CONTRA-CHEQUES DOS PROFESSORES"},"content":{"rendered":"<p style=\"text-align: center;\"><img decoding=\"async\" class=\"aligncenter\" src=\"http:\/\/www.bahianoticias.com.br\/ckfinder\/userfiles\/images\/contracheque2000.JPG\" alt=\"\" width=\"500\" \/><\/p>\n<p>&nbsp;<\/p>\n<p>A Secretaria de Administra\u00e7\u00e3o do Estado da Bahia (Saeb) afirmou, nesta segunda-feira (30), que os contracheques dos professores da Rede Estadual de Ensino, em greve h\u00e1 19 dias, est\u00e3o dispon\u00edveis no Portal do Servidor desde o \u00faltimo dia 27 de abril.<\/p>\n<p>Em nota enviada ao Bahia Not\u00edcias, a pasta informou que desde a data mencionada, todos os educadores tiveram acesso \u00e0s informa\u00e7\u00f5es relativas aos seus proventos do m\u00eas de abril. \u201cOs cortes observados por parte dos docentes referem-se ao per\u00edodo do dia 12 a 26 de abril e s\u00e3o relativos aos dias de falta registrados nas escolas em que as Diretorias Regionais da Educa\u00e7\u00e3o comprovaram paralisa\u00e7\u00e3o total das atividades\u201d, explicou.<\/p>\n<p>A mentira do governo pode ser constatada por qualquer servidor da SEC que tentar acessar o seu contra-cheque no Portal do Servidor. At\u00e9 o momento da postagem desta mat\u00e9ria (18:20h), a mensagem sobre o corte do ponto continuava no lugar dos contra-cheques dos professores.<\/p>\n<p>Sem respeito, n\u00e3o d\u00e1&#8230;<\/p>\n<p><em><strong>Da Reda\u00e7\u00e3o\u00a0<\/strong><\/em><em>(com informa\u00e7\u00f5es do Bahia Not\u00edcias)<\/em><\/p>\n<p>&nbsp;<\/p>\n","protected":false},"excerpt":{"rendered":"<p>&nbsp; A Secretaria de Administra\u00e7\u00e3o do Estado da Bahia (Saeb) afirmou, nesta segunda-feira (30), que os contracheques dos professores da Rede Estadual de Ensino, em greve h\u00e1 19 dias, est\u00e3o dispon\u00edveis no Portal do Servidor desde o \u00faltimo dia 27 de abril. Em nota enviada ao Bahia Not\u00edcias, a pasta informou que desde a data [&hellip;]<\/p>\n","protected":false},"author":2,"featured_media":0,"comment_status":"open","ping_status":"open","sticky":false,"template":"","format":"standard","meta":{"footnotes":"","_links_to":"","_links_to_target":""},"categories":[1],"tags":[],"class_list":["post-15287","post","type-post","status-publish","format-standard","hentry","category-geral"],"views":1228,"_links":{"self":[{"href":"https:\/\/www.sudoestehoje.com.br\/novoportal\/wp-json\/wp\/v2\/posts\/15287","targetHints":{"allow":["GET"]}}],"collection":[{"href":"https:\/\/www.sudoestehoje.com.br\/novoportal\/wp-json\/wp\/v2\/posts"}],"about":[{"href":"https:\/\/www.sudoestehoje.com.br\/novoportal\/wp-json\/wp\/v2\/types\/post"}],"author":[{"embeddable":true,"href":"https:\/\/www.sudoestehoje.com.br\/novoportal\/wp-json\/wp\/v2\/users\/2"}],"replies":[{"embeddable":true,"href":"https:\/\/www.sudoestehoje.com.br\/novoportal\/wp-json\/wp\/v2\/comments?post=15287"}],"version-history":[{"count":6,"href":"https:\/\/www.sudoestehoje.com.br\/novoportal\/wp-json\/wp\/v2\/posts\/15287\/revisions"}],"predecessor-version":[{"id":15290,"href":"https:\/\/www.sudoestehoje.com.br\/novoportal\/wp-json\/wp\/v2\/posts\/15287\/revisions\/15290"}],"wp:attachment":[{"href":"https:\/\/www.sudoestehoje.com.br\/novoportal\/wp-json\/wp\/v2\/media?parent=15287"}],"wp:term":[{"taxonomy":"category","embeddable":true,"href":"https:\/\/www.sudoestehoje.com.br\/novoportal\/wp-json\/wp\/v2\/categories?post=15287"},{"taxonomy":"post_tag","embeddable":true,"href":"https:\/\/www.sudoestehoje.com.br\/novoportal\/wp-json\/wp\/v2\/tags?post=15287"}],"curies":[{"name":"wp","href":"https:\/\/api.w.org\/{rel}","templated":true}]}}