
{"id":15281,"date":"2012-05-01T17:49:06","date_gmt":"2012-05-01T20:49:06","guid":{"rendered":"http:\/\/www.sudoestehoje.com.br\/novoportal\/?p=15281"},"modified":"2012-05-01T17:56:40","modified_gmt":"2012-05-01T20:56:40","slug":"ilheus-o-governo-do-estado-tem-nos-feito-passar-vergonha-dispara-pre-candidata-do-pt","status":"publish","type":"post","link":"https:\/\/www.sudoestehoje.com.br\/novoportal\/2012\/05\/01\/ilheus-o-governo-do-estado-tem-nos-feito-passar-vergonha-dispara-pre-candidata-do-pt\/","title":{"rendered":"ILH\u00c9US: &#8220;O GOVERNO DO ESTADO TEM NOS FEITO PASSAR VERGONHA&#8221;, DISPARA PR\u00c9-CANDIDATA DO PT"},"content":{"rendered":"<p><iframe loading=\"lazy\" title=\"Vereadora Carmelita\" width=\"500\" height=\"375\" src=\"https:\/\/www.youtube.com\/embed\/ItQk0wrzk-8?feature=oembed\" frameborder=\"0\" allow=\"accelerometer; autoplay; clipboard-write; encrypted-media; gyroscope; picture-in-picture; web-share\" referrerpolicy=\"strict-origin-when-cross-origin\" allowfullscreen><\/iframe><\/p>\n<p>ILH\u00c9US: A vereadora de Ilh\u00e9us e professora, Carmelita \u00c2ngela (PT), resolveu sair em defesa dos professores da Rede Estadual de Ensino, em greve h\u00e1 19 dias, e usou a tribuna da C\u00e2mara Municipal, no \u00faltimo dia 24 de abril, para fazer duras cr\u00edticas \u00e0 administra\u00e7\u00e3o estadual e ao governador Jaques Wagner (PT). \u201cO governo do Estado n\u00e3o quer reconhecer a luta dos trabalhadores. O governo do Estado tem mudado o seu discurso. O governo do Estado tem nos feito passar vergonha, porque n\u00f3s votamos nele. Principalmente n\u00f3s que somos do Partido dos Trabalhadores\u201d, disparou.<\/p>\n<p>A revolta da petista contra a administra\u00e7\u00e3o petista seria, segundo ela, por conta da &#8220;mudan\u00e7a do discurso&#8221; quando o assunto \u00e9 os profissinais da Educa\u00e7\u00e3o na Bahia. &#8220;No momento em que se fala tanto nos discursos sobre valoriza\u00e7\u00e3o profissional, o governador Jaques Wagner teima em n\u00e3o reconhecer a luta dos trabalhadores. E pior ainda. O governador Wagner teima em jogar sua hist\u00f3ria na lata do lixo\u201d, criticou. O problema \u00e9 que neste domingo (29), durante a conven\u00e7\u00e3o do PT de Ilh\u00e9us,\u00a0<a href=\"http:\/\/www.bahianoticias.com.br\/principal\/noticia\/115308-ilheus-pt-define-vereadora-como-candidata-do-partido-a-prefeitura.html\" target=\"_blank\">a edil venceu a disputa interna para a escolha do nome que disputar\u00e1 o comando da prefeitura nas elei\u00e7\u00f5es municipais deste ano<\/a>.<\/p>\n<p><strong><em>Bahia Not\u00edcias<\/em><\/strong><\/p>\n","protected":false},"excerpt":{"rendered":"<p>ILH\u00c9US: A vereadora de Ilh\u00e9us e professora, Carmelita \u00c2ngela (PT), resolveu sair em defesa dos professores da Rede Estadual de Ensino, em greve h\u00e1 19 dias, e usou a tribuna da C\u00e2mara Municipal, no \u00faltimo dia 24 de abril, para fazer duras cr\u00edticas \u00e0 administra\u00e7\u00e3o estadual e ao governador Jaques Wagner (PT). \u201cO governo do [&hellip;]<\/p>\n","protected":false},"author":2,"featured_media":0,"comment_status":"open","ping_status":"open","sticky":false,"template":"","format":"standard","meta":{"footnotes":"","_links_to":"","_links_to_target":""},"categories":[1],"tags":[],"class_list":["post-15281","post","type-post","status-publish","format-standard","hentry","category-geral"],"views":1275,"_links":{"self":[{"href":"https:\/\/www.sudoestehoje.com.br\/novoportal\/wp-json\/wp\/v2\/posts\/15281","targetHints":{"allow":["GET"]}}],"collection":[{"href":"https:\/\/www.sudoestehoje.com.br\/novoportal\/wp-json\/wp\/v2\/posts"}],"about":[{"href":"https:\/\/www.sudoestehoje.com.br\/novoportal\/wp-json\/wp\/v2\/types\/post"}],"author":[{"embeddable":true,"href":"https:\/\/www.sudoestehoje.com.br\/novoportal\/wp-json\/wp\/v2\/users\/2"}],"replies":[{"embeddable":true,"href":"https:\/\/www.sudoestehoje.com.br\/novoportal\/wp-json\/wp\/v2\/comments?post=15281"}],"version-history":[{"count":5,"href":"https:\/\/www.sudoestehoje.com.br\/novoportal\/wp-json\/wp\/v2\/posts\/15281\/revisions"}],"predecessor-version":[{"id":15284,"href":"https:\/\/www.sudoestehoje.com.br\/novoportal\/wp-json\/wp\/v2\/posts\/15281\/revisions\/15284"}],"wp:attachment":[{"href":"https:\/\/www.sudoestehoje.com.br\/novoportal\/wp-json\/wp\/v2\/media?parent=15281"}],"wp:term":[{"taxonomy":"category","embeddable":true,"href":"https:\/\/www.sudoestehoje.com.br\/novoportal\/wp-json\/wp\/v2\/categories?post=15281"},{"taxonomy":"post_tag","embeddable":true,"href":"https:\/\/www.sudoestehoje.com.br\/novoportal\/wp-json\/wp\/v2\/tags?post=15281"}],"curies":[{"name":"wp","href":"https:\/\/api.w.org\/{rel}","templated":true}]}}